{"id":137466,"date":"2026-01-15T19:38:10","date_gmt":"2026-01-15T19:38:10","guid":{"rendered":"https:\/\/www.europesays.com\/se\/137466\/"},"modified":"2026-01-15T19:38:10","modified_gmt":"2026-01-15T19:38:10","slug":"vita-huset-europeiska-soldater-pa-gronland-forandrar-inget-hufvudstadsbladet","status":"publish","type":"post","link":"https:\/\/www.europesays.com\/se\/137466\/","title":{"rendered":"Vita huset: Europeiska soldater p\u00e5 Gr\u00f6nland f\u00f6r\u00e4ndrar inget &#8211; Hufvudstadsbladet"},"content":{"rendered":"<ol>\n<li><a href=\"https:\/\/news.google.com\/rss\/articles\/CBMikwFBVV95cUxQSS00S18taWtEcXUyaDNuZWY2SnRrcEZoZ2dkN1U4YlBqVDZScms0RVkyVGVxUXFhT2lrdVkwZm8tN2hILWVqaDRxMGIzVVFsRTRKS2FvUUUzbW4zVTduZFFEckY5MWJHVUhiNl95X2dKMWdkVEFNQ0hsNmR5R0x2aGNfbHJUR2F0SGMxQzluR2w3ZVU?oc=5\" target=\"_blank\" rel=\"nofollow noopener\">Vita huset: Europeiska soldater p\u00e5 Gr\u00f6nland f\u00f6r\u00e4ndrar inget<\/a>&nbsp;&nbsp;Hufvudstadsbladet<\/li>\n<li><a href=\"https:\/\/news.google.com\/rss\/articles\/CBMiqgFBVV95cUxPQ3ZEMmRyb1NWbkJVbFJJOXRScWw2dnpsWmJmOGhGb1JQWjFhNWZ3SW83MC1rNmF4TDkxVVY3am9aMm9NSWphY29hbS1IVUhzZkdvUHcxeU1aVWhWMWIxZGpqTlpfVW42bDl1UVFBeWhhcUtYTlZUWXJYaUxTcnVUdkJBanhfbFp0dlJQUnZMMUtGSklBTEVWVC0ydXpmVDgtQk1PQ2pzVTRmZw?oc=5\" target=\"_blank\" rel=\"nofollow noopener\">Dr\u00e5pligt att se Malmer Stenergard p\u00e5 MUF-niv\u00e5<\/a>&nbsp;&nbsp;Aftonbladet<\/li>\n<li><a href=\"https:\/\/news.google.com\/rss\/articles\/CBMikwFBVV95cUxNZXI0RjNtUUljZThkSG9odllMZlZOd3BtUXRubnMxQnhpWWg0RkdNQnVuUldaQUxIS01vNkdtWHh6OGFjYlBvVG14SGZyODYwVFU1WW1OZ21pY2ZRN2FXb2ZCaG1xOS1aRFFsZGluQlNBbGZEVmVCTmtxRmVVdkdvNE9ISTRQX1FWd3dsZkcxRk92MzA?oc=5\" target=\"_blank\" rel=\"nofollow noopener\">T\u00e5rar \u00f6ver det svenska milit\u00e4rst\u00f6det: \u201dS\u00e5 tacksam\u201d<\/a>&nbsp;&nbsp;Expressen<\/li>\n<li><a href=\"https:\/\/news.google.com\/rss\/articles\/CBMic0FVX3lxTFB5SS1kc0h4VmYzSnY0UXRPU2FackZIRWpDSHl4WldCSVpwemVVRUIyc1Vid1FuUmQyQ3RDdHhXbng0VU5WZ3BMZjNCVUlSSXdpemNqeHZMOVRoRFI1Q2twd1U5enJuWU11cWt6UFcwSFNMN1k?oc=5\" target=\"_blank\" rel=\"nofollow noopener\">Ryska oron: Nato p\u00e5 Gr\u00f6nland<\/a>&nbsp;&nbsp;SvD<\/li>\n<li><a href=\"https:\/\/news.google.com\/rss\/articles\/CBMinwFBVV95cUxNUy1OdGJ4YXI0ZDEzV0ZHRWUtVjVfSjlrOXd5SlB2NUF1V0ZsQWRJd1VaWkdNMmJzTjQ2SjRoZDgxQ0dCRV9WTkVxcVZFVG9aVTdYbHp2WFcxNldrdHJNNVdkbGw5ekNNSldDaHFmel9jdlZJdVIySlpTZnRhY0tkMmkydUR4RjVkVzRUUGhYSkxnRm53NEFlSGd1QjdjQzg?oc=5\" target=\"_blank\" rel=\"nofollow noopener\">Daniel Alling: \u201dSignal till Trump att man st\u00e5r p\u00e5 Danmarks sida\u201d<\/a>&nbsp;&nbsp;Sveriges Radio<\/li>\n<\/ol>\n","protected":false},"excerpt":{"rendered":"Vita huset: Europeiska soldater p\u00e5 Gr\u00f6nland f\u00f6r\u00e4ndrar inget&nbsp;&nbsp;Hufvudstadsbladet Dr\u00e5pligt att se Malmer Stenergard p\u00e5 MUF-niv\u00e5&nbsp;&nbsp;Aftonbladet T\u00e5rar \u00f6ver det&hellip;\n","protected":false},"author":2,"featured_media":137467,"comment_status":"","ping_status":"","sticky":false,"template":"","format":"standard","meta":{"footnotes":""},"categories":[14],"tags":[22,23,26,27,17,21,24,25,28,29,15,16,18,34,31,33,32,30,19,20,51,52,53,54],"class_list":{"0":"post-137466","1":"post","2":"type-post","3":"status-publish","4":"format-standard","5":"has-post-thumbnail","7":"category-varlden","8":"tag-breaking-news","9":"tag-breakingnews","10":"tag-featured-news","11":"tag-featurednews","12":"tag-headlines","13":"tag-huvudnyheter","14":"tag-latest-news","15":"tag-latestnews","16":"tag-main-news","17":"tag-mainnews","18":"tag-news","19":"tag-nyheter","20":"tag-rubriker","21":"tag-se","22":"tag-svenska","23":"tag-sverige","24":"tag-sweden","25":"tag-swedish","26":"tag-top-stories","27":"tag-topstories","28":"tag-varlden","29":"tag-world","30":"tag-world-news","31":"tag-worldnews"},"share_on_mastodon":{"url":"https:\/\/pubeurope.com\/@se\/115900809428371226","error":""},"_links":{"self":[{"href":"https:\/\/www.europesays.com\/se\/wp-json\/wp\/v2\/posts\/137466","targetHints":{"allow":["GET"]}}],"collection":[{"href":"https:\/\/www.europesays.com\/se\/wp-json\/wp\/v2\/posts"}],"about":[{"href":"https:\/\/www.europesays.com\/se\/wp-json\/wp\/v2\/types\/post"}],"author":[{"embeddable":true,"href":"https:\/\/www.europesays.com\/se\/wp-json\/wp\/v2\/users\/2"}],"replies":[{"embeddable":true,"href":"https:\/\/www.europesays.com\/se\/wp-json\/wp\/v2\/comments?post=137466"}],"version-history":[{"count":0,"href":"https:\/\/www.europesays.com\/se\/wp-json\/wp\/v2\/posts\/137466\/revisions"}],"wp:featuredmedia":[{"embeddable":true,"href":"https:\/\/www.europesays.com\/se\/wp-json\/wp\/v2\/media\/137467"}],"wp:attachment":[{"href":"https:\/\/www.europesays.com\/se\/wp-json\/wp\/v2\/media?parent=137466"}],"wp:term":[{"taxonomy":"category","embeddable":true,"href":"https:\/\/www.europesays.com\/se\/wp-json\/wp\/v2\/categories?post=137466"},{"taxonomy":"post_tag","embeddable":true,"href":"https:\/\/www.europesays.com\/se\/wp-json\/wp\/v2\/tags?post=137466"}],"curies":[{"name":"wp","href":"https:\/\/api.w.org\/{rel}","templated":true}]}}