{"id":137468,"date":"2026-01-15T19:39:19","date_gmt":"2026-01-15T19:39:19","guid":{"rendered":"https:\/\/www.europesays.com\/se\/137468\/"},"modified":"2026-01-15T19:39:19","modified_gmt":"2026-01-15T19:39:19","slug":"polisen-hogt-upp-pa-maktbarometerns-lista","status":"publish","type":"post","link":"https:\/\/www.europesays.com\/se\/137468\/","title":{"rendered":"Polisen h\u00f6gt upp p\u00e5 Maktbarometerns lista"},"content":{"rendered":"<p>        &#13;<br \/>\n                &#13;<br \/>\n                    &#13;<br \/>\n                &#13;<br \/>\n&#13;<\/p>\n<p>&#13;<br \/>\n                        Bild&#13;<br \/>\n                        1\/2&#13;\n                    <\/p>\n<p>                    &#13;<br \/>\n                        &#13;<br \/>\n                            &#13;<br \/>\n                            &#13;<br \/>\n                            &#13;<br \/>\n                            &#13;<br \/>\n                            &#13;<br \/>\n                            <img decoding=\"async\" src=\"https:\/\/www.europesays.com\/se\/wp-content\/uploads\/2026\/01\/1768505958_602_.png\" alt=\"Lokalpolisomr\u00e5deschefen Frida Braf och ingripandepolisen Maja Skepp deltog p\u00e5 Maktbarometern. \" class=\"m-0 js-image c-imageslider\" width=\"4807\" height=\"2404\" loading=\"lazy\"\/>&#13;<br \/>\n                        &#13;<br \/>\n&#13;<br \/>\n                            &#13;<br \/>\n                                    Lokalpolisomr\u00e5deschefen Frida Braf och ingripandepolisen Maja Skepp deltog p\u00e5 Maktbarometern. &#13;<br \/>\n&#13;<br \/>\n                                    Bild: Magnus Andersson&#13;<br \/>\n                            &#13;<\/p>\n<p>                &#13;<\/p>\n<p>&#13;<br \/>\n                        Bild&#13;<br \/>\n                        2\/2&#13;\n                    <\/p>\n<p>                    &#13;<br \/>\n                        &#13;<br \/>\n                            &#13;<br \/>\n                            &#13;<br \/>\n                            &#13;<br \/>\n                            &#13;<br \/>\n                            &#13;<br \/>\n                            <img decoding=\"async\" src=\"https:\/\/www.europesays.com\/se\/wp-content\/uploads\/2026\/01\/1768505959_119_.png\" alt=\"I panelsamtalet s\u00e5 deltog Muharrem Demirok, Joakim Lundell, Melinda Jacobs, Maja Skepp och Christer Kustvik. \" class=\"m-0 js-image c-imageslider\" width=\"6000\" height=\"4002\" loading=\"lazy\"\/>&#13;<br \/>\n                        &#13;<br \/>\n&#13;<br \/>\n                            &#13;<br \/>\n                                    I panelsamtalet s\u00e5 deltog Muharrem Demirok, Joakim Lundell, Melinda Jacobs, Maja Skepp och Christer Kustvik. &#13;<br \/>\n&#13;<br \/>\n                                    Bild: Magnus Andersson&#13;<br \/>\n                            &#13;<\/p>\n<p>                &#13;<br \/>\n&#13;<br \/>\n                &#13;<br \/>\n                    &#13;<br \/>\n                &#13;<\/p>\n<p class=\"preamble\">&#13;<br \/>\n            Vid lunchseminariet p\u00e5 LINK Business Center n\u00e4rvarade lokalpolisomr\u00e5deschefen Frida Braf tillsammans med ingripandepolisen Maja Skepp. &#13;\n        <\/p>\n<p>I dag har Medieakademien f\u00f6r f\u00f6rsta g\u00e5ngen presenterat Maktbarometern \u00d6sterg\u00f6tland. Det \u00e4r en unders\u00f6kning som genomf\u00f6rs p\u00e5 regional niv\u00e5 f\u00f6r att belysa det digitala landskapet. Genom data fr\u00e5n Facebook, Instagram, Tiktok, Youtube och X har de identifierat de mest inflytelserika akt\u00f6rerna \u2013 oavsett om det r\u00f6r sig om enskilda kreat\u00f6rer, f\u00f6retag eller myndigheter.<\/p>\n<p>Polisen i Norrk\u00f6ping hamnade p\u00e5 en hedrande fj\u00e4rdeplats i Maktbarometerns m\u00e4tning f\u00f6r deras starka lokala n\u00e4rvaro p\u00e5 Facebook. Med n\u00e4stan 30 000 f\u00f6ljare \u00e4r kontot en stor akt\u00f6r p\u00e5 plattformen.<\/p>\n<p>\u2013 J\u00e4ttekul att vi fick delta. V\u00e5rt syfte \u00e4r att sprida v\u00e5ra budskap och ber\u00e4tta om v\u00e5r verksamhet till s\u00e5 m\u00e5nga som m\u00f6jligt. Det h\u00e4r \u00e4r ett kvitto p\u00e5 att vi har lyckats med det i stor utstr\u00e4ckning, s\u00e4ger lokalpolisomr\u00e5deschefen Frida Braf.<\/p>\n<p>Polisens fokus \u00e4r en direkt dialog med medborgarna<\/p>\n<p>Medieakademins ordf\u00f6rande Emanuel Karlsten presenterade listan och analysen och d\u00e4refter deltog Maja Skepp i panelen och diskuterade temat: Medielandskapet och inflytandet som skapas via sociala medier.<\/p>\n<p>\u2013 Det finns inget vinstintresse i v\u00e5ra kanaler p\u00e5 sociala medier. F\u00f6r polisen handlar det om att bygga f\u00f6rtroende och att ha en direkt dialog med v\u00e5ra medborgare. Vi har ett enormt ansvar i hur vi f\u00f6rmedlar informationen som en statlig myndighet, s\u00e4ger ingripandepolisen Maja Skepp.<\/p>\n<p>&#13;<br \/>\n                    <strong>&#13;<br \/>\n                        Text&#13;<br \/>\n                    <\/strong>&#13;<br \/>\n                    &#13;<br \/>\n                        Kommunikationsavdelningen&#13;<br \/>\n                    &#13;<br \/>\n                    <br \/>&#13;<br \/>\n                    <strong>&#13;<br \/>\n                        Publicerad&#13;<br \/>\n                    <\/strong>&#13;<br \/>\n                    &#13;<br \/>\n                        15 januari 2026 17.12&#13;<br \/>\n                    &#13;<br \/>\n                    <br \/>&#13;\n            <\/p>\n<p>        &#13;<br \/>\n    &#13;<br \/>\n    &#13;<\/p>\n","protected":false},"excerpt":{"rendered":"&#13; &#13; &#13; &#13; &#13; &#13; Bild&#13; 1\/2&#13; &#13; &#13; &#13; &#13; &#13; &#13; &#13; &#13; &#13; &#13;&hellip;\n","protected":false},"author":2,"featured_media":54,"comment_status":"","ping_status":"","sticky":false,"template":"","format":"standard","meta":{"footnotes":""},"categories":[12],"tags":[22,23,26,27,17,21,24,25,28,29,15,16,18,34,31,33,32,30,19,20],"class_list":{"0":"post-137468","1":"post","2":"type-post","3":"status-publish","4":"format-standard","5":"has-post-thumbnail","7":"category-sverige","8":"tag-breaking-news","9":"tag-breakingnews","10":"tag-featured-news","11":"tag-featurednews","12":"tag-headlines","13":"tag-huvudnyheter","14":"tag-latest-news","15":"tag-latestnews","16":"tag-main-news","17":"tag-mainnews","18":"tag-news","19":"tag-nyheter","20":"tag-rubriker","21":"tag-se","22":"tag-svenska","23":"tag-sverige","24":"tag-sweden","25":"tag-swedish","26":"tag-top-stories","27":"tag-topstories"},"share_on_mastodon":{"url":"https:\/\/pubeurope.com\/@se\/115900813381064379","error":""},"_links":{"self":[{"href":"https:\/\/www.europesays.com\/se\/wp-json\/wp\/v2\/posts\/137468","targetHints":{"allow":["GET"]}}],"collection":[{"href":"https:\/\/www.europesays.com\/se\/wp-json\/wp\/v2\/posts"}],"about":[{"href":"https:\/\/www.europesays.com\/se\/wp-json\/wp\/v2\/types\/post"}],"author":[{"embeddable":true,"href":"https:\/\/www.europesays.com\/se\/wp-json\/wp\/v2\/users\/2"}],"replies":[{"embeddable":true,"href":"https:\/\/www.europesays.com\/se\/wp-json\/wp\/v2\/comments?post=137468"}],"version-history":[{"count":0,"href":"https:\/\/www.europesays.com\/se\/wp-json\/wp\/v2\/posts\/137468\/revisions"}],"wp:featuredmedia":[{"embeddable":true,"href":"https:\/\/www.europesays.com\/se\/wp-json\/wp\/v2\/media\/54"}],"wp:attachment":[{"href":"https:\/\/www.europesays.com\/se\/wp-json\/wp\/v2\/media?parent=137468"}],"wp:term":[{"taxonomy":"category","embeddable":true,"href":"https:\/\/www.europesays.com\/se\/wp-json\/wp\/v2\/categories?post=137468"},{"taxonomy":"post_tag","embeddable":true,"href":"https:\/\/www.europesays.com\/se\/wp-json\/wp\/v2\/tags?post=137468"}],"curies":[{"name":"wp","href":"https:\/\/api.w.org\/{rel}","templated":true}]}}