{"id":137478,"date":"2026-01-15T19:48:11","date_gmt":"2026-01-15T19:48:11","guid":{"rendered":"https:\/\/www.europesays.com\/se\/137478\/"},"modified":"2026-01-15T19:48:11","modified_gmt":"2026-01-15T19:48:11","slug":"os-backen-brodin-pa-skadelistan-nhl-com-sv","status":"publish","type":"post","link":"https:\/\/www.europesays.com\/se\/137478\/","title":{"rendered":"OS-backen Brodin p\u00e5 skadelistan | NHL.com\/sv"},"content":{"rendered":"<p>Jonas Brodin placeras p\u00e5 skadelistan. Det meddelade Minnesota Wild under torsdagen.<\/p>\n<p>Brodin, som \u00e4r en av \u00e5tta svenska uttagna backar till Vinter-OS 2026 i Milano Cortina, har statusen vecka-f\u00f6r-vecka. Sverige spelar OS-premi\u00e4r mot Italien den 11 februari.<\/p>\n<p>\u2013 Jag skulle inte g\u00e5 s\u00e5 l\u00e5ngt nu. Jag beh\u00f6ver fortfarande f\u00e5 mer information, men jag klassar honom som vecka-f\u00f6r-vecka, s\u00e4ger Wilds coach John Hynes om risken att missa OS.<\/p>\n<p>Brodin har dragit p\u00e5 sig en underkroppsskada. Han spelade 18:24 minuter i Wilds 2-5-f\u00f6rlust mot New Jersey Devils den 12 januari \u2013 men skadan h\u00e4nde inte under matchen s\u00e4ger Hynes.<\/p>\n<p>\u2013 Det var n\u00e5got som har byggts upp lite.<\/p>\n<p>Brodin har gjort 15 po\u00e4ng (3+12) p\u00e5 42 matcher den h\u00e4r s\u00e4songen.<\/p>\n","protected":false},"excerpt":{"rendered":"Jonas Brodin placeras p\u00e5 skadelistan. Det meddelade Minnesota Wild under torsdagen. Brodin, som \u00e4r en av \u00e5tta svenska&hellip;\n","protected":false},"author":2,"featured_media":113221,"comment_status":"","ping_status":"","sticky":false,"template":"","format":"standard","meta":{"footnotes":""},"categories":[5],"tags":[22,23,26,27,17,21,24,25,28,29,15,16,18,34,31,33,32,30,19,20],"class_list":{"0":"post-137478","1":"post","2":"type-post","3":"status-publish","4":"format-standard","5":"has-post-thumbnail","7":"category-rubriker","8":"tag-breaking-news","9":"tag-breakingnews","10":"tag-featured-news","11":"tag-featurednews","12":"tag-headlines","13":"tag-huvudnyheter","14":"tag-latest-news","15":"tag-latestnews","16":"tag-main-news","17":"tag-mainnews","18":"tag-news","19":"tag-nyheter","20":"tag-rubriker","21":"tag-se","22":"tag-svenska","23":"tag-sverige","24":"tag-sweden","25":"tag-swedish","26":"tag-top-stories","27":"tag-topstories"},"share_on_mastodon":{"url":"https:\/\/pubeurope.com\/@se\/115900848757965279","error":""},"_links":{"self":[{"href":"https:\/\/www.europesays.com\/se\/wp-json\/wp\/v2\/posts\/137478","targetHints":{"allow":["GET"]}}],"collection":[{"href":"https:\/\/www.europesays.com\/se\/wp-json\/wp\/v2\/posts"}],"about":[{"href":"https:\/\/www.europesays.com\/se\/wp-json\/wp\/v2\/types\/post"}],"author":[{"embeddable":true,"href":"https:\/\/www.europesays.com\/se\/wp-json\/wp\/v2\/users\/2"}],"replies":[{"embeddable":true,"href":"https:\/\/www.europesays.com\/se\/wp-json\/wp\/v2\/comments?post=137478"}],"version-history":[{"count":0,"href":"https:\/\/www.europesays.com\/se\/wp-json\/wp\/v2\/posts\/137478\/revisions"}],"wp:featuredmedia":[{"embeddable":true,"href":"https:\/\/www.europesays.com\/se\/wp-json\/wp\/v2\/media\/113221"}],"wp:attachment":[{"href":"https:\/\/www.europesays.com\/se\/wp-json\/wp\/v2\/media?parent=137478"}],"wp:term":[{"taxonomy":"category","embeddable":true,"href":"https:\/\/www.europesays.com\/se\/wp-json\/wp\/v2\/categories?post=137478"},{"taxonomy":"post_tag","embeddable":true,"href":"https:\/\/www.europesays.com\/se\/wp-json\/wp\/v2\/tags?post=137478"}],"curies":[{"name":"wp","href":"https:\/\/api.w.org\/{rel}","templated":true}]}}