{"id":137485,"date":"2026-01-15T19:54:08","date_gmt":"2026-01-15T19:54:08","guid":{"rendered":"https:\/\/www.europesays.com\/se\/137485\/"},"modified":"2026-01-15T19:54:08","modified_gmt":"2026-01-15T19:54:08","slug":"kraftig-explosion-skakade-nederlandska-utrecht","status":"publish","type":"post","link":"https:\/\/www.europesays.com\/se\/137485\/","title":{"rendered":"Kraftig explosion skakade nederl\u00e4ndska Utrecht"},"content":{"rendered":"<p>share-arrowDela<\/p>\n<p>unsaveSpara<\/p>\n<p>expand-left<\/p>\n<p>helsk\u00e4rm<img decoding=\"async\" class=\"image-asset hyperion-css-u06ts1\" data-test-tag=\"image-asset\" src=\"https:\/\/www.europesays.com\/se\/wp-content\/uploads\/2026\/01\/b7a94e33-2e48-4ccd-b1c2-9d404be492b6.jpeg\"  alt=\"Brandm\u00e4n f\u00f6rs\u00f6ker sl\u00e4cka de br\u00e4nder som rasar i centrala Utrecht.\"  loading=\"eager\" fetchpriority=\"high\" style=\"aspect-ratio:1900 \/ 1069\"\/>Brandm\u00e4n f\u00f6rs\u00f6ker sl\u00e4cka de br\u00e4nder som rasar i centrala Utrecht. Foto: Ahmad Seir\/AP\/TT<\/p>\n<p class=\"hyperion-css-1shl3oz\" data-test-tag=\"lead-text\">En \u201dgigantisk\u201d explosion skakade p\u00e5 torsdagseftermiddagen den nederl\u00e4ndska staden Utrecht.<\/p>\n<p class=\"hyperion-css-1v9qo5x\">Flera hus har rasat samman och m\u00e5nga f\u00f6nster i centrala delarna av staden krossades av explosionsv\u00e5gen, skriver nederl\u00e4ndska nyhetsbyr\u00e5n ANP.<\/p>\n<p class=\"hyperion-css-1v9qo5x\">Flera timmar efter sm\u00e4llen har \u00e4nnu bara fyra personer f\u00f6rts till sjukhus, och inga d\u00f6dsfall har rapporterats. Men s\u00f6kandet efter fler skadade i rasmassorna tros forts\u00e4tta \u00e5tminstone hela kv\u00e4llen.<\/p>\n<p class=\"hyperion-css-1v9qo5x\">Orsaken till explosionen \u00e4r oklar. Brandm\u00e4nnen har p\u00e5 grund av rasrisk och hetta fr\u00e5n br\u00e4nder inte kunna ta sig till den plats d\u00e4r n\u00e5got sm\u00e4llde.<\/p>\n","protected":false},"excerpt":{"rendered":"share-arrowDela unsaveSpara expand-left helsk\u00e4rmBrandm\u00e4n f\u00f6rs\u00f6ker sl\u00e4cka de br\u00e4nder som rasar i centrala Utrecht. Foto: Ahmad Seir\/AP\/TT En \u201dgigantisk\u201d&hellip;\n","protected":false},"author":2,"featured_media":137486,"comment_status":"","ping_status":"","sticky":false,"template":"","format":"standard","meta":{"footnotes":""},"categories":[14],"tags":[22,23,26,27,17,21,24,25,28,29,15,16,18,34,31,33,32,30,19,20,51,52,53,54],"class_list":{"0":"post-137485","1":"post","2":"type-post","3":"status-publish","4":"format-standard","5":"has-post-thumbnail","7":"category-varlden","8":"tag-breaking-news","9":"tag-breakingnews","10":"tag-featured-news","11":"tag-featurednews","12":"tag-headlines","13":"tag-huvudnyheter","14":"tag-latest-news","15":"tag-latestnews","16":"tag-main-news","17":"tag-mainnews","18":"tag-news","19":"tag-nyheter","20":"tag-rubriker","21":"tag-se","22":"tag-svenska","23":"tag-sverige","24":"tag-sweden","25":"tag-swedish","26":"tag-top-stories","27":"tag-topstories","28":"tag-varlden","29":"tag-world","30":"tag-world-news","31":"tag-worldnews"},"share_on_mastodon":{"url":"https:\/\/pubeurope.com\/@se\/115900872342290073","error":""},"_links":{"self":[{"href":"https:\/\/www.europesays.com\/se\/wp-json\/wp\/v2\/posts\/137485","targetHints":{"allow":["GET"]}}],"collection":[{"href":"https:\/\/www.europesays.com\/se\/wp-json\/wp\/v2\/posts"}],"about":[{"href":"https:\/\/www.europesays.com\/se\/wp-json\/wp\/v2\/types\/post"}],"author":[{"embeddable":true,"href":"https:\/\/www.europesays.com\/se\/wp-json\/wp\/v2\/users\/2"}],"replies":[{"embeddable":true,"href":"https:\/\/www.europesays.com\/se\/wp-json\/wp\/v2\/comments?post=137485"}],"version-history":[{"count":0,"href":"https:\/\/www.europesays.com\/se\/wp-json\/wp\/v2\/posts\/137485\/revisions"}],"wp:featuredmedia":[{"embeddable":true,"href":"https:\/\/www.europesays.com\/se\/wp-json\/wp\/v2\/media\/137486"}],"wp:attachment":[{"href":"https:\/\/www.europesays.com\/se\/wp-json\/wp\/v2\/media?parent=137485"}],"wp:term":[{"taxonomy":"category","embeddable":true,"href":"https:\/\/www.europesays.com\/se\/wp-json\/wp\/v2\/categories?post=137485"},{"taxonomy":"post_tag","embeddable":true,"href":"https:\/\/www.europesays.com\/se\/wp-json\/wp\/v2\/tags?post=137485"}],"curies":[{"name":"wp","href":"https:\/\/api.w.org\/{rel}","templated":true}]}}