{"id":137492,"date":"2026-01-15T20:00:07","date_gmt":"2026-01-15T20:00:07","guid":{"rendered":"https:\/\/www.europesays.com\/se\/137492\/"},"modified":"2026-01-15T20:00:07","modified_gmt":"2026-01-15T20:00:07","slug":"swish-infor-gemensam-sparr","status":"publish","type":"post","link":"https:\/\/www.europesays.com\/se\/137492\/","title":{"rendered":"Swish inf\u00f6r gemensam sp\u00e4rr"},"content":{"rendered":"<p class=\"kicker t20 font-Raleway\" style=\"\">G\u00f6r det sv\u00e5rare f\u00f6r bedragare<\/p>\n<p>    Swish st\u00e4rker skyddet mot bedr\u00e4gerier genom en ny funktion som g\u00f6r det m\u00f6jligt f\u00f6r bankerna att st\u00e4nga av misst\u00e4nkt anv\u00e4ndning i hela Swish-systemet.<\/p>\n<p><a href=\"https:\/\/www.swish.nu\/\" target=\"_blank\" rel=\"nofollow noopener\">Swish\u00a0<\/a>inf\u00f6r en ny gemensam\u00a0sp\u00e4rrfunktion\u00a0f\u00f6r att st\u00e4rka skyddet mot bedr\u00e4gerier. Den nya l\u00f6sningen g\u00f6r det m\u00f6jligt f\u00f6r bankerna att st\u00e4nga av personer som misst\u00e4nks anv\u00e4nda\u00a0Swish\u00a0p\u00e5 ett otill\u00e5tet eller brottsligt s\u00e4tt fr\u00e5n hela tj\u00e4nsten, oavsett vilken bank de \u00e4r kund hos. <\/p>\n<p>Sp\u00e4rren g\u00e4ller alla banker som erbjuder\u00a0Swish\u00a0Privat och inneb\u00e4r att den som st\u00e4ngs av varken kan skicka eller ta emot betalningar. Bankerna och\u00a0Getswish\u00a0har enats om gemensamma kriterier f\u00f6r n\u00e4r sp\u00e4rren kan anv\u00e4ndas, till exempel vid misstanke om brottslig anv\u00e4ndning eller s\u00e4kerhetsrisker. <\/p>\n<p>Syftet med den gemensamma\u00a0sp\u00e4rrfunktionen\u00a0\u00e4r att g\u00f6ra det sv\u00e5rare f\u00f6r kriminella att utnyttja\u00a0Swish\u00a0och att \u00f6ka tryggheten f\u00f6r anv\u00e4ndarna. Funktionen b\u00f6rjar anv\u00e4ndas fr\u00e5n mitten av januari. <\/p>\n","protected":false},"excerpt":{"rendered":"G\u00f6r det sv\u00e5rare f\u00f6r bedragare Swish st\u00e4rker skyddet mot bedr\u00e4gerier genom en ny funktion som g\u00f6r det m\u00f6jligt&hellip;\n","protected":false},"author":2,"featured_media":137493,"comment_status":"","ping_status":"","sticky":false,"template":"","format":"standard","meta":{"footnotes":""},"categories":[66],"tags":[80,78,79,34,31,33,32,30,81,84,83,82],"class_list":{"0":"post-137492","1":"post","2":"type-post","3":"status-publish","4":"format-standard","5":"has-post-thumbnail","7":"category-vetenskap-och-teknik","8":"tag-science","9":"tag-science-and-technology","10":"tag-scienceandtechnology","11":"tag-se","12":"tag-svenska","13":"tag-sverige","14":"tag-sweden","15":"tag-swedish","16":"tag-technology","17":"tag-teknik","18":"tag-vetenskap","19":"tag-vetenskapteknik"},"share_on_mastodon":{"url":"https:\/\/pubeurope.com\/@se\/115900895979380585","error":""},"_links":{"self":[{"href":"https:\/\/www.europesays.com\/se\/wp-json\/wp\/v2\/posts\/137492","targetHints":{"allow":["GET"]}}],"collection":[{"href":"https:\/\/www.europesays.com\/se\/wp-json\/wp\/v2\/posts"}],"about":[{"href":"https:\/\/www.europesays.com\/se\/wp-json\/wp\/v2\/types\/post"}],"author":[{"embeddable":true,"href":"https:\/\/www.europesays.com\/se\/wp-json\/wp\/v2\/users\/2"}],"replies":[{"embeddable":true,"href":"https:\/\/www.europesays.com\/se\/wp-json\/wp\/v2\/comments?post=137492"}],"version-history":[{"count":0,"href":"https:\/\/www.europesays.com\/se\/wp-json\/wp\/v2\/posts\/137492\/revisions"}],"wp:featuredmedia":[{"embeddable":true,"href":"https:\/\/www.europesays.com\/se\/wp-json\/wp\/v2\/media\/137493"}],"wp:attachment":[{"href":"https:\/\/www.europesays.com\/se\/wp-json\/wp\/v2\/media?parent=137492"}],"wp:term":[{"taxonomy":"category","embeddable":true,"href":"https:\/\/www.europesays.com\/se\/wp-json\/wp\/v2\/categories?post=137492"},{"taxonomy":"post_tag","embeddable":true,"href":"https:\/\/www.europesays.com\/se\/wp-json\/wp\/v2\/tags?post=137492"}],"curies":[{"name":"wp","href":"https:\/\/api.w.org\/{rel}","templated":true}]}}