{"id":137497,"date":"2026-01-15T20:04:08","date_gmt":"2026-01-15T20:04:08","guid":{"rendered":"https:\/\/www.europesays.com\/se\/137497\/"},"modified":"2026-01-15T20:04:08","modified_gmt":"2026-01-15T20:04:08","slug":"billy-long-ber-om-ursakt-till-island-efter-skamtet","status":"publish","type":"post","link":"https:\/\/www.europesays.com\/se\/137497\/","title":{"rendered":"Billy Long ber om urs\u00e4kt till Island efter \u201dsk\u00e4mtet\u201d"},"content":{"rendered":"<p>Donald Trump hotar med att invadera och ta \u00f6ver Gr\u00f6nland fr\u00e5n Danmark.\u00a0<\/p>\n<p>D\u00e5 tyckte USA:s kommande ambassad\u00f6r, Billy Long, att tajmingen var den r\u00e4tta f\u00f6r att sk\u00e4mta om att ta \u00f6ver \u00e4ven den \u00f6n.\u00a0<\/p>\n<p>\u2013 Om n\u00e5gon blev kr\u00e4nkt av det s\u00e5 ber jag om urs\u00e4kt, s\u00e4ger han till <a href=\"https:\/\/www.arctictoday.com\/trumps-iceland-ambassador-pick-apologizes-for-52nd-state-comment\/\" rel=\"nofollow noopener\" target=\"_blank\">Actic Today<\/a> efter att folkligt raseri utbrutit bland isl\u00e4nningarna. \u00a0<\/p>\n<p>Joggar och tar ett bloss efter \u00f6desm\u00f6tet.<img loading=\"lazy\"   alt=\"\"\/><\/p>\n<p>Billy Long har trampat i klaveret.<\/p>\n<p>Foto: US House Office of Photography, Public domain, vi<\/p>\n<p>\u00d6ppna bild i helsk\u00e4rm<img loading=\"lazy\"   alt=\"\"\/><\/p>\n<p>Reykjav\u00edk p\u00e5 Island.<\/p>\n<p>Foto: SVEN LINDWALL<\/p>\n<p>\u00d6ppna bild i helsk\u00e4rm<\/p>\n<p>Politikern Billy Long, som Donald Trump vill utse till ny ambassad\u00f6r i Island, sk\u00e4mtade under tisdagen om att USA ska ta \u00f6ver \u00f6n och att han ska bli dess guvern\u00f6r efter att de tagit \u00f6ver Gr\u00f6nland, rapporterar <a href=\"https:\/\/www.politico.eu\/article\/iceland-us-ambassador-billy-long-donald-trump-52nd-state\/\" rel=\"nofollow noopener\" target=\"_blank\">Politico<\/a>.\u00a0<\/p>\n<p>Detta medan den amerikanske presidenten slagit fast att allt annat \u00e4n det danska territoriet Gr\u00f6nland hamnar i USA:s h\u00e4nder \u00e4r \u201doacceptabelt\u201d. Och flera g\u00e5nger \u00f6ppnat f\u00f6r att er\u00f6vra v\u00e4rldens st\u00f6rsta \u00f6 med milit\u00e4ra medel om diplomatin inte n\u00e5r m\u00e5ls\u00e4ttningen.\u00a0<\/p>\n<p>Tusentals isl\u00e4nningar undertecknar upprop<\/p>\n<p>Billy Longs sk\u00e4mt om att g\u00f6ra <a href=\"https:\/\/www.expressen.se\/tagg\/location\/island\/\" class=\"\" rel=\"nofollow noopener\" target=\"_blank\">Island<\/a> till USA:s 52:a delstat har dock inte tagits emot v\u00e4l av isl\u00e4nningarna och en namninsamling mot att godk\u00e4nna Long som ambassad\u00f6r ska ha f\u00e5tt omkring 3 000 underskrifter.\u00a0<\/p>\n<p>\u201dDessa ord fr\u00e5n Billy Long, som Donald Trump har nominerat som ambassad\u00f6r till Island, kan ha sagts halvhj\u00e4rtat. Men det \u00e4r f\u00f6rol\u00e4mpande mot Island, och isl\u00e4nningar, som har slagits f\u00f6r sin frihet och alltid varit en v\u00e4n till USA\u201d, st\u00e5r det i uppropet som kr\u00e4ver att utrikesminister Katr\u00edn\u202fGunnarsd\u00f3ttir ut\u00f6var sin makt att s\u00e4ga nej till nomineringen.\u00a0<\/p>\n<p>\u00c4ven den amerikanska senaten m\u00e5ste godk\u00e4nna Trumps nominering.\u00a0<\/p>\n<p>F\u00f6rsvaret: \u201dInget seri\u00f6st\u201d<\/p>\n<p>Efter rapporteringen kring kommentarerna om Island gjorde sig Long oantr\u00e4ffbar men under torsdagen uttalar han sig f\u00f6r den Alaskabaserade nyhetsk\u00e4llan Arctic Today.\u00a0<\/p>\n<p>\u2013 Det var inget seri\u00f6st med det. Jag var med n\u00e5gra m\u00e4nniskor som jag inte tr\u00e4ffat p\u00e5 tre \u00e5r, och de sk\u00e4mtade om att Jeff Landry (Trumps s\u00e4ndebud till Gr\u00f6nland) skulle bli guvern\u00f6r f\u00f6r Gr\u00f6nland och de b\u00f6rjade sk\u00e4mta om mig, och om n\u00e5gon blev kr\u00e4nkt av det s\u00e5 ber jag om urs\u00e4kt<\/p>\n<p>Island var fram till att de utropade sj\u00e4lvst\u00e4ndighet under andra v\u00e4rldskriget en dansk koloni med sj\u00e4lvstyre liknande det som Gr\u00f6nland har i dag.\u00a0<\/p>\n<p>Isl\u00e4ndska Utrikesdepartementet har uppmanat amerikanska ambassaden i Reykjav\u00edk att klarl\u00e4gga Billy Longs sk\u00e4mt.\u00a0<\/p>\n<p>Long \u00e4r en tidigare kongressledamot f\u00f6r republikanerna fr\u00e5n delstaten Missouri.<\/p>\n<p><img alt=\"\"\/>Ljudklippet gick inte att spela upp<\/p>\n<p>F\u00f6rs\u00f6k igen senare<\/p>\n","protected":false},"excerpt":{"rendered":"Donald Trump hotar med att invadera och ta \u00f6ver Gr\u00f6nland fr\u00e5n Danmark.\u00a0 D\u00e5 tyckte USA:s kommande ambassad\u00f6r, Billy&hellip;\n","protected":false},"author":2,"featured_media":137498,"comment_status":"","ping_status":"","sticky":false,"template":"","format":"standard","meta":{"footnotes":""},"categories":[5],"tags":[22,23,26,27,17,21,24,25,3123,2034,13815,45,28,29,15,13375,16,198,18,34,55,31,33,32,30,19,204,60,20],"class_list":{"0":"post-137497","1":"post","2":"type-post","3":"status-publish","4":"format-standard","5":"has-post-thumbnail","7":"category-rubriker","8":"tag-breaking-news","9":"tag-breakingnews","10":"tag-featured-news","11":"tag-featurednews","12":"tag-headlines","13":"tag-huvudnyheter","14":"tag-latest-news","15":"tag-latestnews","16":"tag-location-danmark","17":"tag-location-gronland","18":"tag-location-island","19":"tag-location-usa","20":"tag-main-news","21":"tag-mainnews","22":"tag-news","23":"tag-newsstory-donald-trumps-hot-mot-gronland","24":"tag-nyheter","25":"tag-person-donald-trump","26":"tag-rubriker","27":"tag-se","28":"tag-sections-varlden","29":"tag-svenska","30":"tag-sverige","31":"tag-sweden","32":"tag-swedish","33":"tag-top-stories","34":"tag-topic-amerikansk-politik","35":"tag-topic-krig-konflikt","36":"tag-topstories"},"share_on_mastodon":{"url":"https:\/\/pubeurope.com\/@se\/115900911667039143","error":""},"_links":{"self":[{"href":"https:\/\/www.europesays.com\/se\/wp-json\/wp\/v2\/posts\/137497","targetHints":{"allow":["GET"]}}],"collection":[{"href":"https:\/\/www.europesays.com\/se\/wp-json\/wp\/v2\/posts"}],"about":[{"href":"https:\/\/www.europesays.com\/se\/wp-json\/wp\/v2\/types\/post"}],"author":[{"embeddable":true,"href":"https:\/\/www.europesays.com\/se\/wp-json\/wp\/v2\/users\/2"}],"replies":[{"embeddable":true,"href":"https:\/\/www.europesays.com\/se\/wp-json\/wp\/v2\/comments?post=137497"}],"version-history":[{"count":0,"href":"https:\/\/www.europesays.com\/se\/wp-json\/wp\/v2\/posts\/137497\/revisions"}],"wp:featuredmedia":[{"embeddable":true,"href":"https:\/\/www.europesays.com\/se\/wp-json\/wp\/v2\/media\/137498"}],"wp:attachment":[{"href":"https:\/\/www.europesays.com\/se\/wp-json\/wp\/v2\/media?parent=137497"}],"wp:term":[{"taxonomy":"category","embeddable":true,"href":"https:\/\/www.europesays.com\/se\/wp-json\/wp\/v2\/categories?post=137497"},{"taxonomy":"post_tag","embeddable":true,"href":"https:\/\/www.europesays.com\/se\/wp-json\/wp\/v2\/tags?post=137497"}],"curies":[{"name":"wp","href":"https:\/\/api.w.org\/{rel}","templated":true}]}}