{"id":137503,"date":"2026-01-15T20:08:16","date_gmt":"2026-01-15T20:08:16","guid":{"rendered":"https:\/\/www.europesays.com\/se\/137503\/"},"modified":"2026-01-15T20:08:16","modified_gmt":"2026-01-15T20:08:16","slug":"ny-wi-fi-7-router-fran-tcl-ska-skydda-ditt-smarta-hem-mot-hackare","status":"publish","type":"post","link":"https:\/\/www.europesays.com\/se\/137503\/","title":{"rendered":"Ny Wi-Fi 7-router fr\u00e5n TCL ska skydda ditt smarta hem mot hackare"},"content":{"rendered":"<p class=\"first_para\">Robotdammsugare, smarta lampor, TV-apparater, h\u00f6gtalare, kameror och termostater \u2013 antalet anslutna enheter i svenska hem \u00f6kar stadigt, och mycket f\u00e5 \u00e4r utformade med s\u00e4kerhet som h\u00f6gsta prioritet. Wi-Fi 7-routern TCL BE36, som presenterades p\u00e5 CES 2026, f\u00f6rs\u00f6ker l\u00f6sa detta problem genom att placera s\u00e4kerhetsfunktioner direkt i routern ist\u00e4llet f\u00f6r p\u00e5 enskilda enheter.<\/p>\n<p>S\u00e4kerhetspaket fr\u00e5n F-Secure<\/p>\n<p>I samarbete med det finska s\u00e4kerhetsf\u00f6retaget F-Secure har TCL utrustat BE36 med en rad funktioner som \u00e4r utformade f\u00f6r att h\u00e5lla inkr\u00e4ktare borta fr\u00e5n ditt hemn\u00e4tverk. Routern erbjuder skydd mot skadlig kod, uppt\u00e4ckt av ovanlig n\u00e4tverksaktivitet och skydd mot brute force-attacker, lovar TCL. Dessutom skannar den efter \u00f6ppna portar och \u00f6vervakar specifikt smarta enheter i hemmet. Routern st\u00f6der ocks\u00e5 VPN-protokollen PPTP, L2TP och IPSec.<\/p>\n<p>L\u00e4s ocks\u00e5<\/p>\n<p><a style=\"text-decoration:none;font-size:21px;font-family:outfit;font-weight:600;color:#000;display:inline-block;width:100%;margin-bottom:10px;\" href=\"https:\/\/www.ljudochbild.se\/guide\/sa-far-du-battre-wifi-tackning-hemma\/\" rel=\"nofollow noopener\" target=\"_blank\">Guide: S\u00e5 f\u00e5r du b\u00e4ttre Wi-Fi-t\u00e4ckning hemma<\/a><\/p>\n<p>Upplever du d\u00f6da zoner eller Wi-Fi-avbrott n\u00e4r hela familjen \u00e4r online? Problemet \u00e4r s\u00e4llan din internetleverant\u00f6r, utan snarare f\u00f6rdelningen av signalen \u2013 h\u00e4r \u00e4r en guide till hur du skapar ett stabilt tr\u00e5dl\u00f6st n\u00e4tverk i hela ditt hem.<\/p>\n<p>Wi-Fi 7 och plats f\u00f6r m\u00e5nga enheter<\/p>\n<p>BE36 levererar hastigheter p\u00e5 upp till 3,6 Gbit\/s \u00f6ver tv\u00e5 frekvensband och anv\u00e4nder en 3T3R-konfiguration p\u00e5 5 GHz-bandet, vilket enligt TCL ger l\u00e4ngre r\u00e4ckvidd. Routern st\u00f6der upp till 512 samtidiga anslutningar och har en 2,5 Gigabit Ethernet-port f\u00f6r tr\u00e5dbunden anslutning.<\/p>\n<p>F\u00f6r st\u00f6rre hem st\u00f6der BE36 EasyMesh R6, vilket g\u00f6r det m\u00f6jligt att ansluta flera routrar till varandra f\u00f6r att t\u00e4cka hela hemmet. Installation och styrning sker via TCL:s app.<\/p>\n<p>Optimerad f\u00f6r gaming<\/p>\n<p>Ut\u00f6ver s\u00e4kerhetsfunktionerna har TCL inkluderat en funktion f\u00f6r att prioritera gamingtrafik. Routern kan d\u00e4rmed minska f\u00f6rdr\u00f6jningar i onlinespel genom att ge spelets datatrafik prioritet.<\/p>\n<p>L\u00e4s ocks\u00e5<\/p>\n<p><a style=\"text-decoration:none;font-size:21px;font-family:outfit;font-weight:600;color:#000;display:inline-block;width:100%;margin-bottom:10px;\" href=\"https:\/\/www.ljudochbild.se\/test\/datorer\/eero-pro-7-be3900-wifi-7\/\" rel=\"nofollow noopener\" target=\"_blank\">TEST: Eero Pro 7 BE3900 WiFi 7<\/a><\/p>\n<p>De flesta vill bara att Wi-Fi ska fungera. Med Eero Pro 7 lovar Amazon ett mesh-system som \u00e4r snabbt, stabilt och enkelt att installera \u2013 \u00e4ven utan Wi-Fi 7-enheter.<\/p>\n<p>Pris och tillg\u00e4nglighet<\/p>\n<p>TCL har \u00e4nnu inte meddelat priset eller det exakta lanseringsdatumet f\u00f6r den nordiska marknaden, men det kinesiska f\u00f6retaget lovar att routern kommer att finnas tillg\u00e4nglig under 2026.<\/p>\n<p>    <a href=\"https:\/\/www.ljudochbild.se\/author\/peter-gotschalklydogbillede-dk\/\" rel=\"nofollow noopener\" target=\"_blank\"><br \/>\n        <img decoding=\"async\" style=\"border-radius:50px;width:90px;\" alt=\"Peter Gotschalk\" src=\"https:\/\/www.europesays.com\/se\/wp-content\/uploads\/2025\/08\/petergotschalk_small.jpg\"\/> <\/a>   <\/p>\n<p>\n(f. 1973): Chefredakt\u00f6r L&amp;B Home. Peter har arbetat f\u00f6r Ljud &amp; Bild sedan 2012. Han har varit aktiv som teknikjournalist i m\u00e5nga medier sedan 1998, bland annat som chefredakt\u00f6r f\u00f6r prylmagasinet GEAR och som journalist f\u00f6r tidningarna PC World och Privat Computer. Peter skriver om mobiltelefoner och andra b\u00e4rbara enheter samt om teknisk innovation, inklusive 5G, elektrisk mobilitet och smarta hem.\n<\/p>\n<p>    <a href=\"https:\/\/www.ljudochbild.se\/paywallgratis\" rel=\"nofollow noopener\" target=\"_blank\"> <img decoding=\"async\" src=\"https:\/\/www.europesays.com\/se\/wp-content\/uploads\/2026\/01\/SE1-scaled.png\"\/><\/a><\/p>\n","protected":false},"excerpt":{"rendered":"Robotdammsugare, smarta lampor, TV-apparater, h\u00f6gtalare, kameror och termostater \u2013 antalet anslutna enheter i svenska hem \u00f6kar stadigt, och&hellip;\n","protected":false},"author":2,"featured_media":137504,"comment_status":"","ping_status":"","sticky":false,"template":"","format":"standard","meta":{"footnotes":""},"categories":[66],"tags":[80,78,79,34,31,33,32,30,81,84,83,82],"class_list":{"0":"post-137503","1":"post","2":"type-post","3":"status-publish","4":"format-standard","5":"has-post-thumbnail","7":"category-vetenskap-och-teknik","8":"tag-science","9":"tag-science-and-technology","10":"tag-scienceandtechnology","11":"tag-se","12":"tag-svenska","13":"tag-sverige","14":"tag-sweden","15":"tag-swedish","16":"tag-technology","17":"tag-teknik","18":"tag-vetenskap","19":"tag-vetenskapteknik"},"share_on_mastodon":{"url":"https:\/\/pubeurope.com\/@se\/115900927368492779","error":""},"_links":{"self":[{"href":"https:\/\/www.europesays.com\/se\/wp-json\/wp\/v2\/posts\/137503","targetHints":{"allow":["GET"]}}],"collection":[{"href":"https:\/\/www.europesays.com\/se\/wp-json\/wp\/v2\/posts"}],"about":[{"href":"https:\/\/www.europesays.com\/se\/wp-json\/wp\/v2\/types\/post"}],"author":[{"embeddable":true,"href":"https:\/\/www.europesays.com\/se\/wp-json\/wp\/v2\/users\/2"}],"replies":[{"embeddable":true,"href":"https:\/\/www.europesays.com\/se\/wp-json\/wp\/v2\/comments?post=137503"}],"version-history":[{"count":0,"href":"https:\/\/www.europesays.com\/se\/wp-json\/wp\/v2\/posts\/137503\/revisions"}],"wp:featuredmedia":[{"embeddable":true,"href":"https:\/\/www.europesays.com\/se\/wp-json\/wp\/v2\/media\/137504"}],"wp:attachment":[{"href":"https:\/\/www.europesays.com\/se\/wp-json\/wp\/v2\/media?parent=137503"}],"wp:term":[{"taxonomy":"category","embeddable":true,"href":"https:\/\/www.europesays.com\/se\/wp-json\/wp\/v2\/categories?post=137503"},{"taxonomy":"post_tag","embeddable":true,"href":"https:\/\/www.europesays.com\/se\/wp-json\/wp\/v2\/tags?post=137503"}],"curies":[{"name":"wp","href":"https:\/\/api.w.org\/{rel}","templated":true}]}}