{"id":137509,"date":"2026-01-15T20:12:19","date_gmt":"2026-01-15T20:12:19","guid":{"rendered":"https:\/\/www.europesays.com\/se\/137509\/"},"modified":"2026-01-15T20:12:19","modified_gmt":"2026-01-15T20:12:19","slug":"facket-om-storvarslet-pa-ericsson-en-brutal-siffra","status":"publish","type":"post","link":"https:\/\/www.europesays.com\/se\/137509\/","title":{"rendered":"Facket om storvarslet p\u00e5 Ericsson: &#8221;En brutal siffra&#8221;"},"content":{"rendered":"<p class=\"ort\">Kista<\/p>\n<p class=\"text\">Ericsson har meddelat att de planerar att <a target=\"_blank\" rel=\"noopener nofollow\" href=\"https:\/\/www.mitti.se\/nyheter\/ericsson-varslar--1-600-tjanster-berors-6.3.340053.c15db3839d\">dra ner p\u00e5 personalstyrkan<\/a> i Sverige, som en del av flera \u00e5tg\u00e4rder f\u00f6r att s\u00e4kerst\u00e4lla f\u00f6retagets konkurrenskraft. <\/p>\n<p class=\"text\">Varslet motiveras bland annat med ett behov av att s\u00e4nka kostnader globalt, samtidigt som bolaget vill forts\u00e4tta investera i sin k\u00e4rnteknik och strategi.<\/p>\n<p class=\"text\">\u2013 Mobiln\u00e4tsmarknaden \u00e4r utmanande, konkurrensutsatt och har inte visat tillv\u00e4xt p\u00e5 m\u00e5nga \u00e5r \u2013 samtidigt som inflationstrycket p\u00e5verkar kostnader. Vi m\u00e5ste arbeta med kostnader f\u00f6r att st\u00f6dja ett l\u00e5ngsiktigt och h\u00e5llbart branschledarskap, s\u00e4ger presschefen Ralf Bagner.<\/p>\n<p>&#8221;Tagna p\u00e5 s\u00e4ngen&#8221;<\/p>\n<p class=\"text\">Totalt har f\u00f6retaget runt 12 500 anst\u00e4llda i Sverige, och f\u00f6r m\u00e5nga kom beskedet som en chock. Ett mejl skickades ut klockan \u00e5tta p\u00e5 torsdagsmorgonen.<\/p>\n<p class=\"text\">\u2013 En del har nog k\u00e4nt att det h\u00e4nger i luften, men jag tror att m\u00e5nga blev tagna p\u00e5 s\u00e4ngen, s\u00e4ger Jessica Nygren, Sveriges ingenj\u00f6rers vice ordf\u00f6rande f\u00f6r akademikerklubben p\u00e5 Ericsson.<\/p>\n<p class=\"text\">\u2013 Det \u00e4r en v\u00e4ldigt tr\u00e5kig nyhet och absolut inget Sveriges ingenj\u00f6rer st\u00e5r bakom. 1 600 \u00e4r en brutal siffra. Inget \u00e4r dock skrivet i sten f\u00f6rr\u00e4n det \u00e4r f\u00e4rdigf\u00f6rhandlat.<\/p>\n<p class=\"citat\">Det \u00e4r de anst\u00e4llda som f\u00e5r betala priset nu.<\/p>\n<p><img decoding=\"async\" class=\"Image Image_\" src=\"\" data-aghref=\"http:\/\/www.mitti.se\/image-3.355150.272540.20260115165626.1.aad6a5c5e3\" data-agimagetype=\"hardcrop\" alt=\"Jessica Nygren, vice ordf\u00f6rande f\u00f6r Akademikerklubben p\u00e5 Ericsson i Kista.\"\/><\/p>\n<p class=\"Caption\">Jessica Nygren, vice ordf\u00f6rande f\u00f6r Akademikerklubben p\u00e5 Ericsson i Kista.<\/p>\n<p class=\"Source\">Privat<\/p>\n<p>&#8221;Ett misslyckande&#8221;<\/p>\n<p class=\"text\">Facket har en l\u00e4ngre tid varit involverade i dialoger kring varslet, d\u00e4r man v\u00e4djat till f\u00f6retaget om att f\u00f6rs\u00f6ka hitta andra l\u00f6sningar.<\/p>\n<p class=\"text\">Under flera \u00e5r har man dessutom drivit p\u00e5 f\u00f6r mer kompetensutveckling och rotation bland personal internt, som ett s\u00e4tt att motverka just varsel, enligt Jessica Nygren.<\/p>\n<p class=\"text\">\u2013 Tittar man p\u00e5 det l\u00e5ngsiktiga arbetet med kompetens och planering anser vi att det h\u00e4r \u00e4r ett misslyckande. N\u00e4r det inte prioriteras hamnar vi i ett varsel. Det \u00e4r de anst\u00e4llda som f\u00e5r betala priset nu, s\u00e4ger hon.<\/p>\n<p class=\"text\">Ralf Bagner s\u00e4ger att han har stor respekt f\u00f6r det arbete facket utf\u00f6r och att han inte vill recensera det de s\u00e4ger, men understryker att varslet \u00e4r en del i ett st\u00f6rre kostnadsarbete.<\/p>\n<p class=\"text\">\u2013 F\u00f6r Ericssons del handlar det om att arbeta disciplinerat med kostnaderna \u2013 att se \u00f6ver personalen \u00e4r en av \u00e5tg\u00e4rderna. Vi finns i \u00f6ver 150 l\u00e4nder, och det h\u00e4r \u00e4r en del av ett globalt initiativ d\u00e4r kostnader ses \u00f6ver \u00f6verallt, s\u00e4ger han.<\/p>\n<p><img decoding=\"async\" class=\"Image Image_\" src=\"\" data-aghref=\"http:\/\/www.mitti.se\/image-3.355172.272540.20260115165626.4478e840cf\" data-agimagetype=\"hardcrop\" alt=\"Ralf Bagner, presschef p\u00e5 Ericsson.\"\/><\/p>\n<p class=\"Caption\">Ralf Bagner, presschef p\u00e5 Ericsson.<\/p>\n<p class=\"Source\">Pressbild<\/p>\n<p class=\"faktarubrik\">Varsel p\u00e5 Ericsson<\/p>\n<p class=\"fakta\">F\u00f6retaget varslar 1 600 anst\u00e4llda i Sverige.<\/p>\n<p class=\"fakta\">I dagsl\u00e4get har man verksamhet p\u00e5 \u00e5tta orter: Kista, G\u00f6teborg, Link\u00f6ping, Lund, Bor\u00e5s, Karlskrona, Lule\u00e5 och Kumla. Samtliga ber\u00f6rs av varslet. <\/p>\n<p class=\"fakta\">Det \u00e4r \u00e4nnu inte klart vilka roller som p\u00e5verkas.<\/p>\n<p class=\"fakta\">Det \u00e4r den tredje stora neddragningen p\u00e5 kort tid: 2023 varslades 1 400 genom ett frivillighetsprogram, 2024 varslades 1 200.<\/p>\n<p class=\"faktakalla\">K\u00e4lla: Mitt i\/Ericsson <\/p>\n<p>Kista h\u00e5rt drabbat<\/p>\n<p class=\"text\">Telekomj\u00e4tten har sitt huvudkontor i Kista, d\u00e4r omkring 8 500 medarbetare har sin arbetsplats. <\/p>\n<p class=\"text\">Varken Jessica Nygren eller Ralf Bagner vill uttala sig om hur m\u00e5nga av dessa som drabbas av varslet, men enligt <a target=\"_blank\" rel=\"noopener nofollow\" href=\"https:\/\/www.sverigesradio.se\/artikel\/storvarsel-pa-ericsson-1600-kan-forlora-jobbet\">P4 Stockholm<\/a> r\u00f6r det sig om runt 1 170 tj\u00e4nster.<\/p>\n<p class=\"text\">\u2013 Kista \u00e4r absolut den plats som drabbas numer\u00e4rt h\u00e5rdast, eftersom det \u00e4r flest anst\u00e4llda d\u00e4r. \u00c4ven G\u00f6teborg, Lund och Link\u00f6ping har f\u00e5tt en lite tuffare sm\u00e4ll aviserat, s\u00e4ger Jessica Nygren.<\/p>\n<p class=\"text\">Fackliga f\u00f6rhandlingar har inletts, vilka enligt lag m\u00e5ste bli klara inom ett halv\u00e5r. <\/p>\n<p class=\"text\">\u2013 Det \u00e4r tydligt att det h\u00e4r kommer att sl\u00e5 mot k\u00e4rnverksamheten, \u00e4ven om det \u00e4r lite som en osthyvel \u00f6verallt inom bolaget. Nu ska vi diskutera vilka arbetspositioner som ska vara kvar, vilka som kanske m\u00e5ste v\u00e4xa och vilka som ska bort. Vi hoppas p\u00e5 att de aviserade tj\u00e4nsterna blir betydligt f\u00e4rre i slut\u00e4ndan, s\u00e4ger Jessica Nygren.<\/p>\n","protected":false},"excerpt":{"rendered":"Kista Ericsson har meddelat att de planerar att dra ner p\u00e5 personalstyrkan i Sverige, som en del av&hellip;\n","protected":false},"author":2,"featured_media":137510,"comment_status":"","ping_status":"","sticky":false,"template":"","format":"standard","meta":{"footnotes":""},"categories":[5],"tags":[22,23,26,27,17,21,24,25,28,29,15,16,18,34,31,33,32,30,19,20],"class_list":{"0":"post-137509","1":"post","2":"type-post","3":"status-publish","4":"format-standard","5":"has-post-thumbnail","7":"category-rubriker","8":"tag-breaking-news","9":"tag-breakingnews","10":"tag-featured-news","11":"tag-featurednews","12":"tag-headlines","13":"tag-huvudnyheter","14":"tag-latest-news","15":"tag-latestnews","16":"tag-main-news","17":"tag-mainnews","18":"tag-news","19":"tag-nyheter","20":"tag-rubriker","21":"tag-se","22":"tag-svenska","23":"tag-sverige","24":"tag-sweden","25":"tag-swedish","26":"tag-top-stories","27":"tag-topstories"},"share_on_mastodon":{"url":"https:\/\/pubeurope.com\/@se\/115900943103715664","error":""},"_links":{"self":[{"href":"https:\/\/www.europesays.com\/se\/wp-json\/wp\/v2\/posts\/137509","targetHints":{"allow":["GET"]}}],"collection":[{"href":"https:\/\/www.europesays.com\/se\/wp-json\/wp\/v2\/posts"}],"about":[{"href":"https:\/\/www.europesays.com\/se\/wp-json\/wp\/v2\/types\/post"}],"author":[{"embeddable":true,"href":"https:\/\/www.europesays.com\/se\/wp-json\/wp\/v2\/users\/2"}],"replies":[{"embeddable":true,"href":"https:\/\/www.europesays.com\/se\/wp-json\/wp\/v2\/comments?post=137509"}],"version-history":[{"count":0,"href":"https:\/\/www.europesays.com\/se\/wp-json\/wp\/v2\/posts\/137509\/revisions"}],"wp:featuredmedia":[{"embeddable":true,"href":"https:\/\/www.europesays.com\/se\/wp-json\/wp\/v2\/media\/137510"}],"wp:attachment":[{"href":"https:\/\/www.europesays.com\/se\/wp-json\/wp\/v2\/media?parent=137509"}],"wp:term":[{"taxonomy":"category","embeddable":true,"href":"https:\/\/www.europesays.com\/se\/wp-json\/wp\/v2\/categories?post=137509"},{"taxonomy":"post_tag","embeddable":true,"href":"https:\/\/www.europesays.com\/se\/wp-json\/wp\/v2\/tags?post=137509"}],"curies":[{"name":"wp","href":"https:\/\/api.w.org\/{rel}","templated":true}]}}