{"id":137515,"date":"2026-01-15T20:18:11","date_gmt":"2026-01-15T20:18:11","guid":{"rendered":"https:\/\/www.europesays.com\/se\/137515\/"},"modified":"2026-01-15T20:18:11","modified_gmt":"2026-01-15T20:18:11","slug":"vita-huset-iran-stoppade-800-avrattningar","status":"publish","type":"post","link":"https:\/\/www.europesays.com\/se\/137515\/","title":{"rendered":"Vita huset: Iran stoppade 800 avr\u00e4ttningar"},"content":{"rendered":"<p class=\"boxtextgrotesk-root_baa6 hyperion-css-7pajle\">Uppdaterad 19.52 | Publicerad 15.05<\/p>\n<p>share-arrowDela<\/p>\n<p>unsaveSpara<\/p>\n<p>expand-left<\/p>\n<p>helsk\u00e4rm<img decoding=\"async\" class=\"image-asset hyperion-css-u06ts1\" data-test-tag=\"image-asset\" src=\"https:\/\/www.europesays.com\/se\/wp-content\/uploads\/2026\/01\/560039d3-7a92-4fc0-93aa-633e013565e2.jpeg\"  alt=\"USA:s president Donald Trump uppges ha varit mycket n\u00e4ra att beordra en amerikansk milit\u00e4r insats mot Iran. Bild fr\u00e5n Vita huset p\u00e5 onsdagen.\"  loading=\"eager\" fetchpriority=\"high\" style=\"aspect-ratio:1900 \/ 1267\"\/>USA:s president Donald Trump uppges ha varit mycket n\u00e4ra att beordra en amerikansk milit\u00e4r insats mot Iran. Bild fr\u00e5n Vita huset p\u00e5 onsdagen. Foto: Alex Brandon\/AP\/TT<\/p>\n<p class=\"hyperion-css-1shl3oz\" data-test-tag=\"lead-text\">P\u00e5 bara n\u00e5gra timmar gick Donald Trump fr\u00e5n hotfull till f\u00f6rsonande gentemot Iran.<\/p>\n<p class=\"hyperion-css-1shl3oz\" data-test-tag=\"lead-text\">En frenetisk insats uppges ligga bakom presidentens kov\u00e4ndning \u2013 som enligt Vita huset gjort att Iran skjutit upp 800 avr\u00e4ttningar.<\/p>\n<p class=\"hyperion-css-1v9qo5x\">I sista sekund ska Irans grannar i Mellan\u00f6stern ha f\u00e5tt president Trump att t\u00e4nka om.<\/p>\n<p class=\"hyperion-css-1v9qo5x\">Trumps allierade Benjamin Netanyahu l\u00e5g enligt k\u00e4llor till The New York Times p\u00e5 f\u00f6r att avstyra en attack. Han uppges ha ringt Trump kort f\u00f6re det att Trump sade att han hade f\u00e5tt information fr\u00e5n \u201dmycket viktiga k\u00e4llor p\u00e5 andra sidan\u201d att Iran inte skulle d\u00f6da demonstranter.<\/p>\n<p class=\"hyperion-css-1v9qo5x\">Ocks\u00e5 Saudiarabien, Qatar och Oman \u201dledde en l\u00e5ng, frenetisk, diplomatisk sista minuten-insats\u201d f\u00f6r att \u00f6vertyga Trump om att inte attackera Iran, enligt en h\u00f6gt uppsatt saudisk tj\u00e4nsteman som nyhetsbyr\u00e5n AFP pratat med. \u00c4ven Egypten uppges vara inblandat i f\u00f6rs\u00f6ken att lugna situationen.<\/p>\n<p class=\"hyperion-css-1v9qo5x\">Ett amerikanskt milit\u00e4rt ingripande i Iran hade riskerat att f\u00e5 allvarliga konsekvenser f\u00f6r regionen, ska l\u00e4nderna ha insisterat i samtalen med USA.<\/p>\n<p class=\"hyperion-css-1v9qo5x\">Vita husets pressekreterare Karoline Leavitt s\u00e4ger p\u00e5 torsdagen att Trumpadminstrationen under torsdagen fr\u00e5n Iran f\u00e5tt h\u00f6ra att 800 avr\u00e4ttningar som planerats till onsdagen \u00e5tminstone skjutits upp.<\/p>\n<p class=\"hyperion-css-1v9qo5x\">Hon s\u00e4ger samtidigt f\u00f6r att USA fortfarande kan sl\u00e5 till mot Iran.<\/p>\n<p class=\"hyperion-css-1v9qo5x\">\u2013 Alla alternativ ligger kvar p\u00e5 bordet, s\u00e4ger hon och varnar f\u00f6r \u201dallvarliga konsekvenser\u201d om demonstranter d\u00f6das.<\/p>\n","protected":false},"excerpt":{"rendered":"Uppdaterad 19.52 | Publicerad 15.05 share-arrowDela unsaveSpara expand-left helsk\u00e4rmUSA:s president Donald Trump uppges ha varit mycket n\u00e4ra att&hellip;\n","protected":false},"author":2,"featured_media":137516,"comment_status":"","ping_status":"","sticky":false,"template":"","format":"standard","meta":{"footnotes":""},"categories":[14],"tags":[22,23,26,27,17,21,24,25,28,29,15,16,18,34,31,33,32,30,19,20,51,52,53,54],"class_list":{"0":"post-137515","1":"post","2":"type-post","3":"status-publish","4":"format-standard","5":"has-post-thumbnail","7":"category-varlden","8":"tag-breaking-news","9":"tag-breakingnews","10":"tag-featured-news","11":"tag-featurednews","12":"tag-headlines","13":"tag-huvudnyheter","14":"tag-latest-news","15":"tag-latestnews","16":"tag-main-news","17":"tag-mainnews","18":"tag-news","19":"tag-nyheter","20":"tag-rubriker","21":"tag-se","22":"tag-svenska","23":"tag-sverige","24":"tag-sweden","25":"tag-swedish","26":"tag-top-stories","27":"tag-topstories","28":"tag-varlden","29":"tag-world","30":"tag-world-news","31":"tag-worldnews"},"share_on_mastodon":{"url":"https:\/\/pubeurope.com\/@se\/115900966803554855","error":""},"_links":{"self":[{"href":"https:\/\/www.europesays.com\/se\/wp-json\/wp\/v2\/posts\/137515","targetHints":{"allow":["GET"]}}],"collection":[{"href":"https:\/\/www.europesays.com\/se\/wp-json\/wp\/v2\/posts"}],"about":[{"href":"https:\/\/www.europesays.com\/se\/wp-json\/wp\/v2\/types\/post"}],"author":[{"embeddable":true,"href":"https:\/\/www.europesays.com\/se\/wp-json\/wp\/v2\/users\/2"}],"replies":[{"embeddable":true,"href":"https:\/\/www.europesays.com\/se\/wp-json\/wp\/v2\/comments?post=137515"}],"version-history":[{"count":0,"href":"https:\/\/www.europesays.com\/se\/wp-json\/wp\/v2\/posts\/137515\/revisions"}],"wp:featuredmedia":[{"embeddable":true,"href":"https:\/\/www.europesays.com\/se\/wp-json\/wp\/v2\/media\/137516"}],"wp:attachment":[{"href":"https:\/\/www.europesays.com\/se\/wp-json\/wp\/v2\/media?parent=137515"}],"wp:term":[{"taxonomy":"category","embeddable":true,"href":"https:\/\/www.europesays.com\/se\/wp-json\/wp\/v2\/categories?post=137515"},{"taxonomy":"post_tag","embeddable":true,"href":"https:\/\/www.europesays.com\/se\/wp-json\/wp\/v2\/tags?post=137515"}],"curies":[{"name":"wp","href":"https:\/\/api.w.org\/{rel}","templated":true}]}}