{"id":137517,"date":"2026-01-15T20:19:54","date_gmt":"2026-01-15T20:19:54","guid":{"rendered":"https:\/\/www.europesays.com\/se\/137517\/"},"modified":"2026-01-15T20:19:54","modified_gmt":"2026-01-15T20:19:54","slug":"smhi-varnar-for-plotslig-ishalka-norra-halland","status":"publish","type":"post","link":"https:\/\/www.europesays.com\/se\/137517\/","title":{"rendered":"SMHI varnar f\u00f6r pl\u00f6tslig ishalka &#8211; Norra Halland"},"content":{"rendered":"<ol>\n<li><a href=\"https:\/\/news.google.com\/rss\/articles\/CBMiekFVX3lxTE5iTjBzMTZGc0o3SXpSaGhnQlRGdHR0dF93S3ZzeXJPZVdReFJLU05DYl80ZVB2cHlRRDQ5c1dBVDd1bEJod0JlRHlVaGZYYVJjZ0tFR1FHdEE3TG1RekNtZU1BX0dVcllLeVY1eDcwc1JlLTEtXzhmRDB3?oc=5\" target=\"_blank\" rel=\"nofollow noopener\">SMHI varnar f\u00f6r pl\u00f6tslig ishalka<\/a>&nbsp;&nbsp;Norra Halland<\/li>\n<li><a href=\"https:\/\/news.google.com\/rss\/articles\/CBMirgFBVV95cUxQZ3kxZkU3ZUhZVVVFSjhpQnhUVjZWNjhTMUlSVHkxVzZXNFV2blhIMFR6RVdyQU9GX3dpQktRMFJzbHpuYjhnQ3VEbE9pLUhLZnkxbVJuRnV4SkZJdWVUOWIybk41bURsc3RwRjJtVUdtTEJmTjJOWUUxaWlhMGlmcTByNWdLMmtQOU1nSGc3YTc1aFFxSzRJSS1EMGtVYUN6Z2o4YWV3LXNvZ1FSd0E?oc=5\" target=\"_blank\" rel=\"nofollow noopener\">B\u00e4rgaren Benjamins k\u00e4nga till bilister: \u201dFolk t\u00e4nker inte p\u00e5 hastigheten\u201d<\/a>&nbsp;&nbsp;SVT Nyheter<\/li>\n<li><a href=\"https:\/\/news.google.com\/rss\/articles\/CBMiiAFBVV95cUxOTlFzTHowampvWmQxTUJ0MzVCZlFsakg5S3NYZGQtQlRFMHBhUjlnaTNLMlVtU2lpUXc1ZlBFWEFEWDJVcm9vUW54VDdiOWh6LWYyNXJhaDRfcVJaQ0JDUnhMLVZHZUo2MjVJaHBEWHFxRFIyQ2FBOFoza0MwMUxfQmRMaWdXdklK?oc=5\" target=\"_blank\" rel=\"nofollow noopener\">SMHI varnar: 42 mil l\u00e5ngt isb\u00e4lte<\/a>&nbsp;&nbsp;Expressen<\/li>\n<li><a href=\"https:\/\/news.google.com\/rss\/articles\/CBMiigFBVV95cUxOTVJWVUF3cTROOHFXRGJCZDRuYkh0X1V3cld3ZXEzemJJRXhlam9PZDVKVlgtUFZDTnpSbHN4OUNTb1V5eGdNMGJvUzNXNGY0TUlFVlcwYTRzX250OG45N1VIWmJwdi0wSngwdEZ3dU1WbDNnaW1xaG5GbWV0VjlSV1NOLURpOElvY2c?oc=5\" target=\"_blank\" rel=\"nofollow noopener\">Person till sjukhus efter truckolycka<\/a>&nbsp;&nbsp;Aftonbladet<\/li>\n<li><a href=\"https:\/\/news.google.com\/rss\/articles\/CBMiiwFBVV95cUxOM2gzcmJtNWtPSXJEODdfdXd3Tmd0UFNGY2xCNGh6ZnAya3o0MDlOeENoZU5qVWZRZEcwT0hya2xqZUFKNFRVbkd0UlVNd2pjTWJiYjQzd1c4d25VbUk5UkRvRGxrMGZPTUpBcEtXcXh2bHRGZnFScmJkaFpIUm1Tc0ZMRUpna0MwWlpJ?oc=5\" target=\"_blank\" rel=\"nofollow noopener\">Trafikverket: Endast n\u00f6dv\u00e4ndiga resor b\u00f6r g\u00f6ras<\/a>&nbsp;&nbsp;Sveriges Radio<\/li>\n<\/ol>\n","protected":false},"excerpt":{"rendered":"SMHI varnar f\u00f6r pl\u00f6tslig ishalka&nbsp;&nbsp;Norra Halland B\u00e4rgaren Benjamins k\u00e4nga till bilister: \u201dFolk t\u00e4nker inte p\u00e5 hastigheten\u201d&nbsp;&nbsp;SVT Nyheter SMHI&hellip;\n","protected":false},"author":2,"featured_media":137518,"comment_status":"","ping_status":"","sticky":false,"template":"","format":"standard","meta":{"footnotes":""},"categories":[12],"tags":[22,23,26,27,17,21,24,25,28,29,15,16,18,34,31,33,32,30,19,20],"class_list":{"0":"post-137517","1":"post","2":"type-post","3":"status-publish","4":"format-standard","5":"has-post-thumbnail","7":"category-sverige","8":"tag-breaking-news","9":"tag-breakingnews","10":"tag-featured-news","11":"tag-featurednews","12":"tag-headlines","13":"tag-huvudnyheter","14":"tag-latest-news","15":"tag-latestnews","16":"tag-main-news","17":"tag-mainnews","18":"tag-news","19":"tag-nyheter","20":"tag-rubriker","21":"tag-se","22":"tag-svenska","23":"tag-sverige","24":"tag-sweden","25":"tag-swedish","26":"tag-top-stories","27":"tag-topstories"},"share_on_mastodon":{"url":"https:\/\/pubeurope.com\/@se\/115900974562784901","error":""},"_links":{"self":[{"href":"https:\/\/www.europesays.com\/se\/wp-json\/wp\/v2\/posts\/137517","targetHints":{"allow":["GET"]}}],"collection":[{"href":"https:\/\/www.europesays.com\/se\/wp-json\/wp\/v2\/posts"}],"about":[{"href":"https:\/\/www.europesays.com\/se\/wp-json\/wp\/v2\/types\/post"}],"author":[{"embeddable":true,"href":"https:\/\/www.europesays.com\/se\/wp-json\/wp\/v2\/users\/2"}],"replies":[{"embeddable":true,"href":"https:\/\/www.europesays.com\/se\/wp-json\/wp\/v2\/comments?post=137517"}],"version-history":[{"count":0,"href":"https:\/\/www.europesays.com\/se\/wp-json\/wp\/v2\/posts\/137517\/revisions"}],"wp:featuredmedia":[{"embeddable":true,"href":"https:\/\/www.europesays.com\/se\/wp-json\/wp\/v2\/media\/137518"}],"wp:attachment":[{"href":"https:\/\/www.europesays.com\/se\/wp-json\/wp\/v2\/media?parent=137517"}],"wp:term":[{"taxonomy":"category","embeddable":true,"href":"https:\/\/www.europesays.com\/se\/wp-json\/wp\/v2\/categories?post=137517"},{"taxonomy":"post_tag","embeddable":true,"href":"https:\/\/www.europesays.com\/se\/wp-json\/wp\/v2\/tags?post=137517"}],"curies":[{"name":"wp","href":"https:\/\/api.w.org\/{rel}","templated":true}]}}