{"id":137519,"date":"2026-01-15T20:20:24","date_gmt":"2026-01-15T20:20:24","guid":{"rendered":"https:\/\/www.europesays.com\/se\/137519\/"},"modified":"2026-01-15T20:20:24","modified_gmt":"2026-01-15T20:20:24","slug":"misstankt-kidnappning-en-frihetsberovad","status":"publish","type":"post","link":"https:\/\/www.europesays.com\/se\/137519\/","title":{"rendered":"Misst\u00e4nkt kidnappning \u2013 en frihetsber\u00f6vad"},"content":{"rendered":"<p><a data-test-tag=\"internal-link\" href=\"https:\/\/www.aftonbladet.se\/av\/isaac-turner\" class=\"hyperion-css-13ns1rr\" rel=\"nofollow noopener\" target=\"\" aria-label=\"Se alla artiklar av Isaac Turner\"><img decoding=\"async\" class=\"image-asset hyperion-css-n6kkq1\" data-test-tag=\"image-asset\" src=\"https:\/\/www.europesays.com\/se\/wp-content\/uploads\/2026\/01\/1768508424_145_032779bf-e638-4b03-b786-3d793914dfb9.png\"  alt=\"\"  loading=\"lazy\" fetchpriority=\"auto\" style=\"aspect-ratio:1900 \/ 1900\"\/><\/a>share-arrowDela<\/p>\n<p>unsaveSpara<\/p>\n<p>expand-left<\/p>\n<p>helsk\u00e4rm<img decoding=\"async\" class=\"image-asset hyperion-css-1yl9bir\" data-test-tag=\"image-asset\" src=\"https:\/\/www.europesays.com\/se\/wp-content\/uploads\/2026\/01\/d31857b7-363c-4036-abcc-3c57cc6962cb.jpeg\"  alt=\"Polis\"  loading=\"eager\" fetchpriority=\"high\" style=\"aspect-ratio:1900 \/ 1123\"\/>Polis Foto: Johan Nilsson \/ TT <\/p>\n<p class=\"hyperion-css-1shl3oz\" data-test-tag=\"lead-text\">Polisen utreder en misst\u00e4nkt kidnappning.<\/p>\n<p class=\"hyperion-css-1shl3oz\" data-test-tag=\"lead-text\">Nu har en man frihetsber\u00f6vats.<\/p>\n<p class=\"hyperion-css-1shl3oz\" data-test-tag=\"lead-text\">\u2013 Det finns inget att s\u00e4ga i nul\u00e4get, s\u00e4ger jour\u00e5klagare Anna-Maria Larsson. <\/p>\n<p class=\"hyperion-css-1v9qo5x\">Polisen var med bev\u00e4pnade styrkor i en kommun i Mellansverige tidigare i veckan. Anledningen g\u00e4llde ett grovt brott \u2013 men sen var det tyst.<\/p>\n<p class=\"hyperion-css-1v9qo5x\">\u2013 Det \u00e4r inte mycket jag kan s\u00e4ga p\u00e5 grund av utredningsl\u00e4get, men det finns ingen fara f\u00f6r allm\u00e4nheten, sa Sophia Jiglind, polisens presstalesperson d\u00e5.<\/p>\n<p class=\"hyperion-css-1v9qo5x\">De ber\u00e4ttade att det inte fanns n\u00e5gra allvarliga personskador och efterlyste tips om avvikande personer och en bil. <\/p>\n<p class=\"hyperion-css-1v9qo5x\">Ett par dagar senare utreds det som misst\u00e4nkt m\u00e4nniskorov.<\/p>\n<p class=\"hyperion-css-1v9qo5x\">\u2013 Det finns en frihetsber\u00f6vad, s\u00e4ger jour\u00e5klagare Anna-Maria Larsson. <\/p>\n<p>Tre drabbade<\/p>\n<p class=\"hyperion-css-1v9qo5x\">Det \u00e4r tre personer som \u00e4r m\u00e5ls\u00e4gande men det \u00e4r inget p\u00e5g\u00e5ende m\u00e4nniskorov.<\/p>\n<p class=\"hyperion-css-1v9qo5x\">\u00c5klagaren vill inte g\u00e5 in p\u00e5 om det finns koppling mellan de drabbade eller om det finns fler misst\u00e4nkta. Inte heller om alla tre har blivit kidnappade.<\/p>\n<p class=\"hyperion-css-1v9qo5x\">\u2013 Det vill jag inte uttala mig om, s\u00e4ger Anna-Maria Larsson.<\/p>\n<p class=\"hyperion-css-1v9qo5x\"><strong>Kan du g\u00e5 in p\u00e5 vad som har h\u00e4nt?<\/strong><\/p>\n<p class=\"hyperion-css-1v9qo5x\">\u2013 Det kan jag inte g\u00f6ra. <\/p>\n<p>\u201dHan f\u00f6rnekar\u201d<\/p>\n<p class=\"hyperion-css-1v9qo5x\">Mannen som \u00e4r frihetsber\u00f6vad \u00e4r misst\u00e4nkt f\u00f6r medhj\u00e4lp till m\u00e4nniskorov.<\/p>\n<p class=\"hyperion-css-1v9qo5x\">\u2013 Min klient har inte medverkat i n\u00e5got m\u00e4nniskorov. Jag kan tyv\u00e4rr inte s\u00e4ga s\u00e5 mycket mer, det \u00e4r v\u00e4ldigt tidigt i utredning, s\u00e4ger mannens advokat Jan-\u00c5ke F\u00e4lt.<\/p>\n<p class=\"hyperion-css-1v9qo5x\"><strong>Vad \u00e4r hans inst\u00e4llning till brottsmisstankarna?<\/strong><\/p>\n<p class=\"hyperion-css-1v9qo5x\">\u2013 Han f\u00f6rnekar. <\/p>\n","protected":false},"excerpt":{"rendered":"share-arrowDela unsaveSpara expand-left helsk\u00e4rmPolis Foto: Johan Nilsson \/ TT Polisen utreder en misst\u00e4nkt kidnappning. Nu har en man&hellip;\n","protected":false},"author":2,"featured_media":137520,"comment_status":"","ping_status":"","sticky":false,"template":"","format":"standard","meta":{"footnotes":""},"categories":[5],"tags":[22,23,26,27,17,21,24,25,28,29,15,16,18,34,31,33,32,30,19,20],"class_list":{"0":"post-137519","1":"post","2":"type-post","3":"status-publish","4":"format-standard","5":"has-post-thumbnail","7":"category-rubriker","8":"tag-breaking-news","9":"tag-breakingnews","10":"tag-featured-news","11":"tag-featurednews","12":"tag-headlines","13":"tag-huvudnyheter","14":"tag-latest-news","15":"tag-latestnews","16":"tag-main-news","17":"tag-mainnews","18":"tag-news","19":"tag-nyheter","20":"tag-rubriker","21":"tag-se","22":"tag-svenska","23":"tag-sverige","24":"tag-sweden","25":"tag-swedish","26":"tag-top-stories","27":"tag-topstories"},"share_on_mastodon":{"url":"https:\/\/pubeurope.com\/@se\/115900974667407287","error":""},"_links":{"self":[{"href":"https:\/\/www.europesays.com\/se\/wp-json\/wp\/v2\/posts\/137519","targetHints":{"allow":["GET"]}}],"collection":[{"href":"https:\/\/www.europesays.com\/se\/wp-json\/wp\/v2\/posts"}],"about":[{"href":"https:\/\/www.europesays.com\/se\/wp-json\/wp\/v2\/types\/post"}],"author":[{"embeddable":true,"href":"https:\/\/www.europesays.com\/se\/wp-json\/wp\/v2\/users\/2"}],"replies":[{"embeddable":true,"href":"https:\/\/www.europesays.com\/se\/wp-json\/wp\/v2\/comments?post=137519"}],"version-history":[{"count":0,"href":"https:\/\/www.europesays.com\/se\/wp-json\/wp\/v2\/posts\/137519\/revisions"}],"wp:featuredmedia":[{"embeddable":true,"href":"https:\/\/www.europesays.com\/se\/wp-json\/wp\/v2\/media\/137520"}],"wp:attachment":[{"href":"https:\/\/www.europesays.com\/se\/wp-json\/wp\/v2\/media?parent=137519"}],"wp:term":[{"taxonomy":"category","embeddable":true,"href":"https:\/\/www.europesays.com\/se\/wp-json\/wp\/v2\/categories?post=137519"},{"taxonomy":"post_tag","embeddable":true,"href":"https:\/\/www.europesays.com\/se\/wp-json\/wp\/v2\/tags?post=137519"}],"curies":[{"name":"wp","href":"https:\/\/api.w.org\/{rel}","templated":true}]}}