{"id":137523,"date":"2026-01-15T20:26:24","date_gmt":"2026-01-15T20:26:24","guid":{"rendered":"https:\/\/www.europesays.com\/se\/137523\/"},"modified":"2026-01-15T20:26:24","modified_gmt":"2026-01-15T20:26:24","slug":"migrationsverket-stoppar-tillfalligt-alla-utvisningar-till-iran","status":"publish","type":"post","link":"https:\/\/www.europesays.com\/se\/137523\/","title":{"rendered":"Migrationsverket stoppar tillf\u00e4lligt alla utvisningar till Iran"},"content":{"rendered":"<p>Myndighetens beslut g\u00e4ller tillsvidare, s\u00e4ger Tengroth. <\/p>\n<p>\u2013 Senast i mitten av april kommer vi att titta p\u00e5 om det finns sk\u00e4l att beh\u00e5lla rekommendationen eller inte, men det kan f\u00f6r\u00e4ndras tidigare ocks\u00e5.<\/p>\n<p>Tidigare utvisningsbeslut till Iran g\u00e4ller fortfarande, men de kommer allts\u00e5 inte att verkst\u00e4llas i nul\u00e4get.<\/p>\n<p>\u2013 Det \u00e4r m\u00e5nga s\u00e5 os\u00e4kerheter i l\u00e4get som g\u00f6r att vi har kommit fram till det h\u00e4r.<\/p>\n<p>Stigande d\u00f6dssiffra i protesterna<\/p>\n<p>Den rapporterade d\u00f6dssiffran i samband med protesterna i Iran har under veckan fortsatt att stiga. <\/p>\n<p>I m\u00e5ndags sk\u00e4rpte UD avr\u00e5dan f\u00f6r Iran och <a href=\"https:\/\/www.svt.se\/nyheter\/utrikes\/ud-uppmanar-svenskar-i-iran-att-lamna-landet\" rel=\"nofollow noopener\" target=\"_blank\">uppmanade <\/a>svenskar att l\u00e4mna landet.<\/p>\n","protected":false},"excerpt":{"rendered":"Myndighetens beslut g\u00e4ller tillsvidare, s\u00e4ger Tengroth. \u2013 Senast i mitten av april kommer vi att titta p\u00e5 om&hellip;\n","protected":false},"author":2,"featured_media":793,"comment_status":"","ping_status":"","sticky":false,"template":"","format":"standard","meta":{"footnotes":""},"categories":[14],"tags":[22,23,26,27,17,21,24,25,28,29,15,16,18,34,31,33,32,30,19,20,51,52,53,54],"class_list":{"0":"post-137523","1":"post","2":"type-post","3":"status-publish","4":"format-standard","5":"has-post-thumbnail","7":"category-varlden","8":"tag-breaking-news","9":"tag-breakingnews","10":"tag-featured-news","11":"tag-featurednews","12":"tag-headlines","13":"tag-huvudnyheter","14":"tag-latest-news","15":"tag-latestnews","16":"tag-main-news","17":"tag-mainnews","18":"tag-news","19":"tag-nyheter","20":"tag-rubriker","21":"tag-se","22":"tag-svenska","23":"tag-sverige","24":"tag-sweden","25":"tag-swedish","26":"tag-top-stories","27":"tag-topstories","28":"tag-varlden","29":"tag-world","30":"tag-world-news","31":"tag-worldnews"},"share_on_mastodon":{"url":"https:\/\/pubeurope.com\/@se\/115900998326819161","error":""},"_links":{"self":[{"href":"https:\/\/www.europesays.com\/se\/wp-json\/wp\/v2\/posts\/137523","targetHints":{"allow":["GET"]}}],"collection":[{"href":"https:\/\/www.europesays.com\/se\/wp-json\/wp\/v2\/posts"}],"about":[{"href":"https:\/\/www.europesays.com\/se\/wp-json\/wp\/v2\/types\/post"}],"author":[{"embeddable":true,"href":"https:\/\/www.europesays.com\/se\/wp-json\/wp\/v2\/users\/2"}],"replies":[{"embeddable":true,"href":"https:\/\/www.europesays.com\/se\/wp-json\/wp\/v2\/comments?post=137523"}],"version-history":[{"count":0,"href":"https:\/\/www.europesays.com\/se\/wp-json\/wp\/v2\/posts\/137523\/revisions"}],"wp:featuredmedia":[{"embeddable":true,"href":"https:\/\/www.europesays.com\/se\/wp-json\/wp\/v2\/media\/793"}],"wp:attachment":[{"href":"https:\/\/www.europesays.com\/se\/wp-json\/wp\/v2\/media?parent=137523"}],"wp:term":[{"taxonomy":"category","embeddable":true,"href":"https:\/\/www.europesays.com\/se\/wp-json\/wp\/v2\/categories?post=137523"},{"taxonomy":"post_tag","embeddable":true,"href":"https:\/\/www.europesays.com\/se\/wp-json\/wp\/v2\/tags?post=137523"}],"curies":[{"name":"wp","href":"https:\/\/api.w.org\/{rel}","templated":true}]}}