{"id":137524,"date":"2026-01-15T20:27:33","date_gmt":"2026-01-15T20:27:33","guid":{"rendered":"https:\/\/www.europesays.com\/se\/137524\/"},"modified":"2026-01-15T20:27:33","modified_gmt":"2026-01-15T20:27:33","slug":"narmare-till-0-an-till-sparren","status":"publish","type":"post","link":"https:\/\/www.europesays.com\/se\/137524\/","title":{"rendered":"N\u00e4rmare till 0 \u00e4n till sp\u00e4rren"},"content":{"rendered":"<p><a class=\"wing-tag\" href=\"https:\/\/www.expressen.se\/om\/val-2026\/\" rel=\"nofollow noopener\" target=\"_blank\">Val 2026<\/a><\/p>\n<p>Viktor Barth-Kron<\/p>\n<p>Publicerad 14 jan 2026 kl 08.34Uppdaterad kl 19.23<\/p>\n<p>Liberalerna ser ut att f\u00e5 valspurta ihop med \u00d6vriga partier, skriver Viktor Barth-Kron.<\/p>\n<p><img   alt=\"\"\/><\/p>\n<p>Liberalernas partiledare Simona Mohamsson l\u00e4r beh\u00f6va sitt omvittnat goda hum\u00f6r, skriver Viktor Barth-Kron.<\/p>\n<p>Foto: FREDRIK KARLSSON<\/p>\n<p>\u00d6ppna bild i helsk\u00e4rm<\/p>\n<p>Detta \u00e4r en kommenterande text. Analys och st\u00e4llningstaganden \u00e4r skribentens.<\/p>\n<p><img   alt=\"\"\/>Viktor Barth-Kron<\/p>\n<p>Den enda m\u00e4tning som spelar roll \u00e4r den som sker p\u00e5 valdagen, brukar partisekreterarna s\u00e4ga.<\/p>\n<p><strong>Det \u00e4r inte korrekt. I alla fall inte f\u00f6r partierna sj\u00e4lva.<\/strong><\/p>\n<p>En extra bra opinionsm\u00e4tning kan g\u00f6ra underverk f\u00f6r det inre livet, medan en extra d\u00e5lig kan s\u00e4tta krafter i r\u00f6relse som dittills legat still.<\/p>\n<p>Liberalernas 1,8 procent i <a href=\"https:\/\/www.svt.se\/nyheter\/inrikes\/svtverian-l-far-18-procent-samsta-siffran-nagonsin\" rel=\"nofollow noopener\" target=\"_blank\">SVT\/Verian<\/a> beh\u00f6ver inte betyda n\u00e5got. F\u00f6r\u00e4ndringen \u00e4r inom felmarginalen. Men f\u00f6rs\u00f6k s\u00e4ga det till din lokala liberal.<\/p>\n<p>1,8 procent!<\/p>\n<p>S\u00e5vitt bekant har inget etablerat parti n\u00e5gonsin presterat s\u00e5 d\u00e5ligt hos ett seri\u00f6st m\u00e4tinstitut.<\/p>\n<p><strong>Det \u00e4r n\u00e4rmare till noll r\u00f6ster \u00e4n till riksdagssp\u00e4rren.<\/strong><\/p>\n<p>Framf\u00f6r allt \u00e4r det mycket n\u00e4ra till punkten d\u00e4r <a href=\"https:\/\/www.expressen.se\/tagg\/organization\/liberalerna\/\" class=\"\" rel=\"nofollow noopener\" target=\"_blank\">Liberalerna<\/a> inte ens g\u00e5r att s\u00e4rredovisa i m\u00e4tningar, utan f\u00e5r ansluta sig till Medborgerlig samling, Alternativ f\u00f6r Sverige och alla nya Palestinav\u00e4nstergrupper i kategorin \u00d6vriga partier.<\/p>\n<p>Gott nytt val\u00e5r, folkpartister.<\/p>\n<p><strong>Krafter i Liberalerna l\u00e4r s\u00e5ledes s\u00e4ttas i r\u00f6relse. Fr\u00e5gan \u00e4r dock vad de kan ta sig till.<\/strong><\/p>\n<p>Byta partiledare? Det \u00e4r ett drygt halv\u00e5r sedan partiet fick sl\u00e5 knut p\u00e5 sig sj\u00e4lvt f\u00f6r att alls hitta en eftertr\u00e4dare till <strong>Johan Pehrson<\/strong>. Marknaden ser inte b\u00e4ttre ut i dag.<\/p>\n<p>Byta politik? Det \u00e4r inte ens tv\u00e5 m\u00e5nader sedan man nitiskt hamrade fast sina positioner inf\u00f6r valet p\u00e5 landsm\u00f6tet i Karlstad.<\/p>\n<p><strong>Simona Mohamsson<\/strong> kanske inte har de tyngsta meriterna, eller det st\u00f6rsta f\u00f6rtroendet hos allm\u00e4nheten, men hon har ett omvittnat gott hum\u00f6r. Det l\u00e4r b\u00e5de hon och partiet beh\u00f6va de n\u00e4rmaste m\u00e5naderna.<\/p>\n<p>Viktor Barth-Kron \u00e4r politisk kommentator p\u00e5 Expressen.<\/p>\n","protected":false},"excerpt":{"rendered":"Val 2026 Viktor Barth-Kron Publicerad 14 jan 2026 kl 08.34Uppdaterad kl 19.23 Liberalerna ser ut att f\u00e5 valspurta&hellip;\n","protected":false},"author":2,"featured_media":137525,"comment_status":"","ping_status":"","sticky":false,"template":"","format":"standard","meta":{"footnotes":""},"categories":[12],"tags":[22,23,26,27,17,21,24,25,28,29,15,3464,16,618,18,34,1238,31,33,32,30,19,486,20],"class_list":{"0":"post-137524","1":"post","2":"type-post","3":"status-publish","4":"format-standard","5":"has-post-thumbnail","7":"category-sverige","8":"tag-breaking-news","9":"tag-breakingnews","10":"tag-featured-news","11":"tag-featurednews","12":"tag-headlines","13":"tag-huvudnyheter","14":"tag-latest-news","15":"tag-latestnews","16":"tag-main-news","17":"tag-mainnews","18":"tag-news","19":"tag-newsstory-val-2026","20":"tag-nyheter","21":"tag-organization-liberalerna","22":"tag-rubriker","23":"tag-se","24":"tag-sections-viktorbarthkron","25":"tag-svenska","26":"tag-sverige","27":"tag-sweden","28":"tag-swedish","29":"tag-top-stories","30":"tag-topic-opinionsmatningar","31":"tag-topstories"},"share_on_mastodon":{"url":"https:\/\/pubeurope.com\/@se\/115901002150731287","error":""},"_links":{"self":[{"href":"https:\/\/www.europesays.com\/se\/wp-json\/wp\/v2\/posts\/137524","targetHints":{"allow":["GET"]}}],"collection":[{"href":"https:\/\/www.europesays.com\/se\/wp-json\/wp\/v2\/posts"}],"about":[{"href":"https:\/\/www.europesays.com\/se\/wp-json\/wp\/v2\/types\/post"}],"author":[{"embeddable":true,"href":"https:\/\/www.europesays.com\/se\/wp-json\/wp\/v2\/users\/2"}],"replies":[{"embeddable":true,"href":"https:\/\/www.europesays.com\/se\/wp-json\/wp\/v2\/comments?post=137524"}],"version-history":[{"count":0,"href":"https:\/\/www.europesays.com\/se\/wp-json\/wp\/v2\/posts\/137524\/revisions"}],"wp:featuredmedia":[{"embeddable":true,"href":"https:\/\/www.europesays.com\/se\/wp-json\/wp\/v2\/media\/137525"}],"wp:attachment":[{"href":"https:\/\/www.europesays.com\/se\/wp-json\/wp\/v2\/media?parent=137524"}],"wp:term":[{"taxonomy":"category","embeddable":true,"href":"https:\/\/www.europesays.com\/se\/wp-json\/wp\/v2\/categories?post=137524"},{"taxonomy":"post_tag","embeddable":true,"href":"https:\/\/www.europesays.com\/se\/wp-json\/wp\/v2\/tags?post=137524"}],"curies":[{"name":"wp","href":"https:\/\/api.w.org\/{rel}","templated":true}]}}