{"id":137530,"date":"2026-01-15T20:35:15","date_gmt":"2026-01-15T20:35:15","guid":{"rendered":"https:\/\/www.europesays.com\/se\/137530\/"},"modified":"2026-01-15T20:35:15","modified_gmt":"2026-01-15T20:35:15","slug":"aklagaren-inga-misstankar-om-valdtakt-pa-aldreboendet-i-vannas","status":"publish","type":"post","link":"https:\/\/www.europesays.com\/se\/137530\/","title":{"rendered":"\u00c5klagaren: Inga misstankar om v\u00e5ldt\u00e4kt p\u00e5 \u00e4ldreboendet i V\u00e4nn\u00e4s"},"content":{"rendered":"<p>En kvinna som bor p\u00e5 ett \u00e4ldreboende i V\u00e4nn\u00e4s ska ha f\u00e5tt sitt underliv rakat mot sin vilja den 23 december. En man i 20-\u00e5rs\u00e5ldern som jobbade p\u00e5 \u00e4ldreboendet \u00e4r nu sk\u00e4ligen misst\u00e4nkt f\u00f6r sexuellt \u00f6vergrepp.<\/p>\n<p>\u2013 Han vidg\u00e5r att han har gjort det men f\u00f6rnekar brott, s\u00e4ger \u00e5klagaren Jennifer Piironen.<\/p>\n<p>Kvinnan har ocks\u00e5 ber\u00e4ttat till en anh\u00f6rig att hon den 27 december ska ha blivit v\u00e5ldtagen p\u00e5 toaletten av en annan person som jobbar p\u00e5 boendet. Enligt \u00e5klagaren har det framg\u00e5tt i polisf\u00f6rh\u00f6r med m\u00e5ls\u00e4gande att det inte har skett n\u00e5gon v\u00e5ldt\u00e4kt.<\/p>\n<p><a href=\"https:\/\/www.sverigesradio.se\/artikel\/aklagaren-misstanken-om-valdtakt-pa-aldreboende-laggs-ner\" rel=\"nofollow noopener\" target=\"_blank\">P4 V\u00e4sterbotten<\/a> var f\u00f6rst att rapportera om att polisen inte kommer att p\u00e5b\u00f6rja n\u00e5gon f\u00f6runders\u00f6kning g\u00e4llande v\u00e5ldt\u00e4kten.<\/p>\n<p>Kommunen tog de tv\u00e5 anst\u00e4llda ur tj\u00e4nst men med bibeh\u00e5llen l\u00f6n efter att kvinnan hade ber\u00e4ttat om sina upplevelser. De \u00e4r b\u00e5da fortfarande avst\u00e4ngda fr\u00e5n jobbet.<\/p>\n<p>\u2013 Vi har f\u00e5tt den nya informationen f\u00f6rst idag s\u00e5 vi har inte hunnit jobba med saken, s\u00e4ger Ulrica Westerlund, socialchef i V\u00e4nn\u00e4s kommun.<\/p>\n","protected":false},"excerpt":{"rendered":"En kvinna som bor p\u00e5 ett \u00e4ldreboende i V\u00e4nn\u00e4s ska ha f\u00e5tt sitt underliv rakat mot sin vilja&hellip;\n","protected":false},"author":2,"featured_media":793,"comment_status":"","ping_status":"","sticky":false,"template":"","format":"standard","meta":{"footnotes":""},"categories":[12],"tags":[22,23,26,27,17,21,24,25,28,29,15,16,18,34,31,33,32,30,19,20],"class_list":{"0":"post-137530","1":"post","2":"type-post","3":"status-publish","4":"format-standard","5":"has-post-thumbnail","7":"category-sverige","8":"tag-breaking-news","9":"tag-breakingnews","10":"tag-featured-news","11":"tag-featurednews","12":"tag-headlines","13":"tag-huvudnyheter","14":"tag-latest-news","15":"tag-latestnews","16":"tag-main-news","17":"tag-mainnews","18":"tag-news","19":"tag-nyheter","20":"tag-rubriker","21":"tag-se","22":"tag-svenska","23":"tag-sverige","24":"tag-sweden","25":"tag-swedish","26":"tag-top-stories","27":"tag-topstories"},"share_on_mastodon":{"url":"https:\/\/pubeurope.com\/@se\/115901033626125921","error":""},"_links":{"self":[{"href":"https:\/\/www.europesays.com\/se\/wp-json\/wp\/v2\/posts\/137530","targetHints":{"allow":["GET"]}}],"collection":[{"href":"https:\/\/www.europesays.com\/se\/wp-json\/wp\/v2\/posts"}],"about":[{"href":"https:\/\/www.europesays.com\/se\/wp-json\/wp\/v2\/types\/post"}],"author":[{"embeddable":true,"href":"https:\/\/www.europesays.com\/se\/wp-json\/wp\/v2\/users\/2"}],"replies":[{"embeddable":true,"href":"https:\/\/www.europesays.com\/se\/wp-json\/wp\/v2\/comments?post=137530"}],"version-history":[{"count":0,"href":"https:\/\/www.europesays.com\/se\/wp-json\/wp\/v2\/posts\/137530\/revisions"}],"wp:featuredmedia":[{"embeddable":true,"href":"https:\/\/www.europesays.com\/se\/wp-json\/wp\/v2\/media\/793"}],"wp:attachment":[{"href":"https:\/\/www.europesays.com\/se\/wp-json\/wp\/v2\/media?parent=137530"}],"wp:term":[{"taxonomy":"category","embeddable":true,"href":"https:\/\/www.europesays.com\/se\/wp-json\/wp\/v2\/categories?post=137530"},{"taxonomy":"post_tag","embeddable":true,"href":"https:\/\/www.europesays.com\/se\/wp-json\/wp\/v2\/tags?post=137530"}],"curies":[{"name":"wp","href":"https:\/\/api.w.org\/{rel}","templated":true}]}}