{"id":137531,"date":"2026-01-15T20:36:17","date_gmt":"2026-01-15T20:36:17","guid":{"rendered":"https:\/\/www.europesays.com\/se\/137531\/"},"modified":"2026-01-15T20:36:17","modified_gmt":"2026-01-15T20:36:17","slug":"fick-hbtq-pris-av-moderaterna-nu-lamnar-hon-tillbaka-det-etc-se","status":"publish","type":"post","link":"https:\/\/www.europesays.com\/se\/137531\/","title":{"rendered":"Fick hbtq-pris av Moderaterna \u2013 nu l\u00e4mnar hon tillbaka det &#8211; ETC.se"},"content":{"rendered":"<ol>\n<li><a href=\"https:\/\/news.google.com\/rss\/articles\/CBMijAFBVV95cUxNQ1IwR2M4SEVlZTZ6aHZHMXFBbTh6aUg5ZFBpbFU5aWV1NWl5cFRlZzloU1RRWWs2SE1meWh4U2ltcXc0ZmhOUTFEOHpXYWhiMTF6YVpoRkxuRURnQVA2SDc2ZllydmRZZ1pDVEdwVV9uLWdCcmwtOUhNb2h6NkJJV2lLTUZaQ196WnVZdQ?oc=5\" target=\"_blank\" rel=\"nofollow noopener\">Fick hbtq-pris av Moderaterna \u2013 nu l\u00e4mnar hon tillbaka det<\/a>&nbsp;&nbsp;ETC.se<\/li>\n<li><a href=\"https:\/\/news.google.com\/rss\/articles\/CBMid0FVX3lxTFBWeVNhUGptNmswSERFUS1vR3FCTkxrRmRmX0Y1cklVdjBuWnBaY0djNUtLZUtJU3N5VlJZWWViNUQwdTFKQS13MWczUzhsX0lfOUVHSnhaRzAtdE9yWTQwY3c5OHNfNVBoRUNjdzF6T0JCV1lmQXE4?oc=5\" target=\"_blank\" rel=\"nofollow noopener\">Moderaterna vill \u00e4ndra i lag<\/a>&nbsp;&nbsp;8 Sidor<\/li>\n<li><a href=\"https:\/\/news.google.com\/rss\/articles\/CBMikgFBVV95cUxPRFFuVC1VcF9VaTZ1S2o3a3ZiLWgwM2pmRDJWSnU0QjYxX1MyVnJnTHNBd3NtNEh5ZlRkN3kybmJTZ2hReHpGOUtDZVpteGVlRDVkTDFWWlE2QjRIS1NfLUFPSFVTWXFZS20zQVhlRU1ld1ZVNTRfcWJDMFdWblZqaVhXbVAweGRLdWIwTlRRVU9jUQ?oc=5\" target=\"_blank\" rel=\"nofollow noopener\">Signe Krantz: Nu l\u00e4mnar jag tillbaka Moderaternas hbtq-pris<\/a>&nbsp;&nbsp;Aftonbladet<\/li>\n<li><a href=\"https:\/\/news.google.com\/rss\/articles\/CBMilAFBVV95cUxPVHdrSTBpWk1tbUZGZ2VIZnZpcktQZFM3QUI3NG9wczZRWGtJcUd0SkdOYVZjRmpJQm5YLVBfaXVkampUcDFDYlFqZkRnN2h6dng5QWFwUnlFZjVMNE9vMDFIYlJtS1k4S2VNMWY1M2QwelN4YkhvMzhDWDdTYnNPbFFidjlXNHA4aTlrcEpiYWtnRk1y?oc=5\" target=\"_blank\" rel=\"nofollow noopener\">M\u00e4rkligt att \u00e4ndra i k\u00f6nslagen redan nu<\/a>&nbsp;&nbsp;SvD<\/li>\n<li><a href=\"https:\/\/news.google.com\/rss\/articles\/CBMihwFBVV95cUxNb1Q5cXdaRVJjR0w4VG9hZmhlMlgzd05mbFgyeWtOd20wYUZLd1VtUmR0bzgyX1R2TlIzTUZha194NWFyVmdHaktiTUdySXB3VVdDMFVOLUNSWjlpMF9iOGVIX3lnTE1ZYWNoOU9UNkt0NF9scUZNb2hKemhiS1ljZVNzb1VoY0k?oc=5\" target=\"_blank\" rel=\"nofollow noopener\">LEDARE: M-l\u00f6ftet till v\u00e4ljarna: Vi \u00e4r b\u00e4st p\u00e5 U-sv\u00e4ngar<\/a>&nbsp;&nbsp;Expressen<\/li>\n<\/ol>\n","protected":false},"excerpt":{"rendered":"Fick hbtq-pris av Moderaterna \u2013 nu l\u00e4mnar hon tillbaka det&nbsp;&nbsp;ETC.se Moderaterna vill \u00e4ndra i lag&nbsp;&nbsp;8 Sidor Signe Krantz:&hellip;\n","protected":false},"author":2,"featured_media":137532,"comment_status":"","ping_status":"","sticky":false,"template":"","format":"standard","meta":{"footnotes":""},"categories":[5],"tags":[22,23,26,27,17,21,24,25,28,29,15,16,18,34,31,33,32,30,19,20],"class_list":{"0":"post-137531","1":"post","2":"type-post","3":"status-publish","4":"format-standard","5":"has-post-thumbnail","7":"category-rubriker","8":"tag-breaking-news","9":"tag-breakingnews","10":"tag-featured-news","11":"tag-featurednews","12":"tag-headlines","13":"tag-huvudnyheter","14":"tag-latest-news","15":"tag-latestnews","16":"tag-main-news","17":"tag-mainnews","18":"tag-news","19":"tag-nyheter","20":"tag-rubriker","21":"tag-se","22":"tag-svenska","23":"tag-sverige","24":"tag-sweden","25":"tag-swedish","26":"tag-top-stories","27":"tag-topstories"},"share_on_mastodon":{"url":"https:\/\/pubeurope.com\/@se\/115901037414193719","error":""},"_links":{"self":[{"href":"https:\/\/www.europesays.com\/se\/wp-json\/wp\/v2\/posts\/137531","targetHints":{"allow":["GET"]}}],"collection":[{"href":"https:\/\/www.europesays.com\/se\/wp-json\/wp\/v2\/posts"}],"about":[{"href":"https:\/\/www.europesays.com\/se\/wp-json\/wp\/v2\/types\/post"}],"author":[{"embeddable":true,"href":"https:\/\/www.europesays.com\/se\/wp-json\/wp\/v2\/users\/2"}],"replies":[{"embeddable":true,"href":"https:\/\/www.europesays.com\/se\/wp-json\/wp\/v2\/comments?post=137531"}],"version-history":[{"count":0,"href":"https:\/\/www.europesays.com\/se\/wp-json\/wp\/v2\/posts\/137531\/revisions"}],"wp:featuredmedia":[{"embeddable":true,"href":"https:\/\/www.europesays.com\/se\/wp-json\/wp\/v2\/media\/137532"}],"wp:attachment":[{"href":"https:\/\/www.europesays.com\/se\/wp-json\/wp\/v2\/media?parent=137531"}],"wp:term":[{"taxonomy":"category","embeddable":true,"href":"https:\/\/www.europesays.com\/se\/wp-json\/wp\/v2\/categories?post=137531"},{"taxonomy":"post_tag","embeddable":true,"href":"https:\/\/www.europesays.com\/se\/wp-json\/wp\/v2\/tags?post=137531"}],"curies":[{"name":"wp","href":"https:\/\/api.w.org\/{rel}","templated":true}]}}