{"id":137533,"date":"2026-01-15T20:38:08","date_gmt":"2026-01-15T20:38:08","guid":{"rendered":"https:\/\/www.europesays.com\/se\/137533\/"},"modified":"2026-01-15T20:38:08","modified_gmt":"2026-01-15T20:38:08","slug":"mardromsminuter-kostade-sjatte-raka-forlusten-for-fbk-tamt-och-ostrukturerat-vf","status":"publish","type":"post","link":"https:\/\/www.europesays.com\/se\/137533\/","title":{"rendered":"Mardr\u00f6msminuter kostade sj\u00e4tte raka f\u00f6rlusten f\u00f6r FBK: \u201dTamt och ostrukturerat\u201d &#8211; VF"},"content":{"rendered":"<ol>\n<li><a href=\"https:\/\/news.google.com\/rss\/articles\/CBMisgFBVV95cUxOdmFNb1dWTjZvbGktZGkxWm5rMGxXQjBkNlZZcV9LcjZ1NXY0REVCVUVVWjlMUExhRGVEVTBETVdJR0Y4NVE2UkJmZXFKUS13MUc0dFZMUEwtcHlRSjVnZjFyZnNzTDM3MmFhUFRzYUl4VEFQekVpRHB0UUxmRXgwUGExeExyeXpTQmhfd0Nla3JFSDNPSTBqVFVhMWlVRThGVjV4V2tPbjhBNDJYRmRnUnZB?oc=5\" target=\"_blank\" rel=\"nofollow noopener\">Mardr\u00f6msminuter kostade sj\u00e4tte raka f\u00f6rlusten f\u00f6r FBK: \u201dTamt och ostrukturerat\u201d<\/a>&nbsp;&nbsp;VF<\/li>\n<li><a href=\"https:\/\/news.google.com\/rss\/articles\/CBMiigFBVV95cUxNNHF1MEhsUXFyUzNKNHpUWXlDc3B3bGlZLUltMF9nMXhCV3VBdGJmZ0FGNXdRVWdKd21Db2xJN2tQSkRPS3p1ejZLajR5X1Q2REVIcEU2TEh0TkhpOW5PZkR1R1FoMl93T2VoaDhzNDZpS281Z0RjZVR0dDAzTExOWDdRX0JiREFtMXc?oc=5\" target=\"_blank\" rel=\"nofollow noopener\">F\u00e4rjestad rasar ihop i Cam Abotts debut<\/a>&nbsp;&nbsp;Expressen<\/li>\n<li><a href=\"https:\/\/news.google.com\/rss\/articles\/CBMitgFBVV95cUxQS2NNNmk0cnpSdTlBZ2xBSjFhYlcwbmdhY0dYc3FtbFlmR0R1U0JkdFc2RFMtOURBeU1rQWRHUmdJaW1DQmlVTTRhRmgyLXhYQlV3dzVhYWdYUWpMU0lMZkJZYThua1VZbENwclFOM1pyWTNnSkhIcFlvNFZweUpxNzNlSWxxbmJqWVJWUVFidXZUTjNaS3pBQXhGOXI0OWJYVm82dE9Wem1xVVNnNGk3V1Rkc0h1UQ?oc=5\" target=\"_blank\" rel=\"nofollow noopener\">Klappade igenom i Abbotts debut<\/a>&nbsp;&nbsp;Aftonbladet<\/li>\n<li><a href=\"https:\/\/news.google.com\/rss\/articles\/CBMiiwFBVV95cUxQbUNHOGx4UVV2eFJsNXNCQnFIaG1BYzRHX0h0VzEzQ2I2bklhUTBsNUx3S1h4dEdscTUzRnR6US1Oa05MUTMzOFhfWWJQWmN6WlZwMFJkeUtsUVJZd1lDMXNWMFNuZW5MeVBQMnMtY2ZRUW5oNkVOZVVCc1V0a2JDWEItTlA1SXlNY1U0?oc=5\" target=\"_blank\" rel=\"nofollow noopener\">Abbotts f\u00f6rsta lag \u2013 s\u00e5 st\u00e4ller FBK upp mot HV71<\/a>&nbsp;&nbsp;NWT<\/li>\n<li><a href=\"https:\/\/news.google.com\/rss\/articles\/CBMirgFBVV95cUxQQmcxZzlZb3IxR0I4NHBxZ2xwWTZHRFZBMmxuX0xlZ1FMa28xNm1CMlVmdFZCWlRFNkR5WVZzNGJNY2lCOHg3eWxOb1BzT0puUC1wUHFINEFBSks0dFFpOG5WSmZQUXBpYmZvUUh3WHdJblhPRFhaU1FDTW83N09ZNWxOdzZDU3ZDaXBoMFBkdlRhanFySHVYb0RMT1c1dEpGZEFvOWdveThNcFhvNFE?oc=5\" target=\"_blank\" rel=\"nofollow noopener\">Ishockey: F\u00e4rjestad under Cam Abbott sl\u00e4ppte in fem m\u00e5l i en period: \u201dDet \u00e4r skitd\u00e5ligt\u201d<\/a>&nbsp;&nbsp;SVT Nyheter<\/li>\n<\/ol>\n","protected":false},"excerpt":{"rendered":"Mardr\u00f6msminuter kostade sj\u00e4tte raka f\u00f6rlusten f\u00f6r FBK: \u201dTamt och ostrukturerat\u201d&nbsp;&nbsp;VF F\u00e4rjestad rasar ihop i Cam Abotts debut&nbsp;&nbsp;Expressen Klappade&hellip;\n","protected":false},"author":2,"featured_media":137534,"comment_status":"","ping_status":"","sticky":false,"template":"","format":"standard","meta":{"footnotes":""},"categories":[68],"tags":[34,111,110,31,33,32,30],"class_list":{"0":"post-137533","1":"post","2":"type-post","3":"status-publish","4":"format-standard","5":"has-post-thumbnail","7":"category-sport","8":"tag-se","9":"tag-sport","10":"tag-sports","11":"tag-svenska","12":"tag-sverige","13":"tag-sweden","14":"tag-swedish"},"share_on_mastodon":{"url":"https:\/\/pubeurope.com\/@se\/115901045352578683","error":""},"_links":{"self":[{"href":"https:\/\/www.europesays.com\/se\/wp-json\/wp\/v2\/posts\/137533","targetHints":{"allow":["GET"]}}],"collection":[{"href":"https:\/\/www.europesays.com\/se\/wp-json\/wp\/v2\/posts"}],"about":[{"href":"https:\/\/www.europesays.com\/se\/wp-json\/wp\/v2\/types\/post"}],"author":[{"embeddable":true,"href":"https:\/\/www.europesays.com\/se\/wp-json\/wp\/v2\/users\/2"}],"replies":[{"embeddable":true,"href":"https:\/\/www.europesays.com\/se\/wp-json\/wp\/v2\/comments?post=137533"}],"version-history":[{"count":0,"href":"https:\/\/www.europesays.com\/se\/wp-json\/wp\/v2\/posts\/137533\/revisions"}],"wp:featuredmedia":[{"embeddable":true,"href":"https:\/\/www.europesays.com\/se\/wp-json\/wp\/v2\/media\/137534"}],"wp:attachment":[{"href":"https:\/\/www.europesays.com\/se\/wp-json\/wp\/v2\/media?parent=137533"}],"wp:term":[{"taxonomy":"category","embeddable":true,"href":"https:\/\/www.europesays.com\/se\/wp-json\/wp\/v2\/categories?post=137533"},{"taxonomy":"post_tag","embeddable":true,"href":"https:\/\/www.europesays.com\/se\/wp-json\/wp\/v2\/tags?post=137533"}],"curies":[{"name":"wp","href":"https:\/\/api.w.org\/{rel}","templated":true}]}}