{"id":137536,"date":"2026-01-15T20:44:08","date_gmt":"2026-01-15T20:44:08","guid":{"rendered":"https:\/\/www.europesays.com\/se\/137536\/"},"modified":"2026-01-15T20:44:08","modified_gmt":"2026-01-15T20:44:08","slug":"farjestad-rasar-ihop-i-cam-abotts-debut-shl","status":"publish","type":"post","link":"https:\/\/www.europesays.com\/se\/137536\/","title":{"rendered":"F\u00e4rjestad rasar ihop i Cam Abotts debut | SHL"},"content":{"rendered":"<p>Publicerad 15 jan 2026 kl 20.30Uppdaterad kl 20.40<\/p>\n<p>Debut f\u00f6r Cam Abbott som tr\u00e4nare i F\u00e4rjestad.\u00a0<\/p>\n<p>Da rasade laget ihop i den andra perioden.\u00a0<\/p>\n<p>\u2013 Det \u00e4r otroligt lamt, s\u00e4ger Sanny Lindstr\u00f6m, expert i TV4.\u00a0<\/p>\n<p><img loading=\"lazy\"   alt=\"\"\/> <\/p>\n<p>Foto: CARL SANDIN \/ BILDBYR\u00c5N<\/p>\n<p>\u00d6ppna bild i helsk\u00e4rm<img loading=\"lazy\"   alt=\"\"\/> <\/p>\n<p>Foto: CARL SANDIN \/ BILDBYR\u00c5N<\/p>\n<p>\u00d6ppna bild i helsk\u00e4rm<\/p>\n<p>Tv\u00e5 formsvaga lag m\u00f6ttes i Husqvarna Garden. <a href=\"https:\/\/www.expressen.se\/tagg\/organization\/hv71\/\" class=\"\" rel=\"nofollow noopener\" target=\"_blank\">HV71<\/a> ville minska avst\u00e5ndet till s\u00e4ker mark, medan F\u00e4rjestad hoppades p\u00e5 en bra start med nye tr\u00e4naren Cam Abbott \u2013 samt att bryta f\u00f6rlustsviten p\u00e5 fem raka matcher.\u00a0<\/p>\n<p>Bortalaget b\u00f6rjade b\u00e4st och tog ledningen i powerplay. Marian Studenic avlossade ett l\u00f6st skott fr\u00e5n bl\u00e5 som inte Felix Sandstr\u00f6m kunde r\u00e4dda.\u00a0<\/p>\n<p>\u2013 N\u00e4r det \u00e4r s\u00e5 l\u00f6sa skott m\u00e5ste du f\u00e5 ett block fr\u00e5n HV-spelare, s\u00e4ger Joel Lundqvist, expert i TV4.\u00a0<\/p>\n<p>I den andra perioden fick HV71 en flygande start. Hugo Fransson kvitterade och forts\u00e4tter d\u00e4rmed sin fina form. N\u00e5gra minuter senare tog hemmalaget ledningen genom Hugo Pettersson.\u00a0<\/p>\n<p>FBK rasade ihop<\/p>\n<p>Gl\u00e4djen i Husqvarna Garden blev dock kortvarig. I mitten av perioden gjorde Emil Alba 2\u20132.\u00a0<\/p>\n<p>Hemmalaget svarade dock. Med n\u00e5gra minuter kvar gav Axel Rindell hemmalaget ledningen. HV71-publiken skulle f\u00e5 jubla igen. William Ignberg Nilsson ut\u00f6kade precis innan den andra periodens slut.\u00a0<\/p>\n<p>Men det var inte slut d\u00e4r. Med bara tio sekunder kvar gjorde Riley Woods 5\u20132.\u00a0<\/p>\n<p>Mardr\u00f6msminuter f\u00f6r F\u00e4rjestad och den nye tr\u00e4naren Cam Abbott, som s\u00e5gades i TV4.\u00a0<\/p>\n<p>\u2013 F\u00e4rjestad \u00e4r otroligt lama framf\u00f6r m\u00e5l, s\u00e4ger Sanny Lindstr\u00f6m, expert i TV4.\u00a0<\/p>\n<p>Matchen p\u00e5g\u00e5r.<\/p>\n","protected":false},"excerpt":{"rendered":"Publicerad 15 jan 2026 kl 20.30Uppdaterad kl 20.40 Debut f\u00f6r Cam Abbott som tr\u00e4nare i F\u00e4rjestad.\u00a0 Da rasade&hellip;\n","protected":false},"author":2,"featured_media":137537,"comment_status":"","ping_status":"","sticky":false,"template":"","format":"standard","meta":{"footnotes":""},"categories":[5],"tags":[22,23,26,27,17,21,24,25,28,29,15,16,2939,1354,1179,18,34,255,823,31,33,32,30,19,20],"class_list":{"0":"post-137536","1":"post","2":"type-post","3":"status-publish","4":"format-standard","5":"has-post-thumbnail","7":"category-rubriker","8":"tag-breaking-news","9":"tag-breakingnews","10":"tag-featured-news","11":"tag-featurednews","12":"tag-headlines","13":"tag-huvudnyheter","14":"tag-latest-news","15":"tag-latestnews","16":"tag-main-news","17":"tag-mainnews","18":"tag-news","19":"tag-nyheter","20":"tag-organization-farjestad-bk","21":"tag-organization-hv71","22":"tag-organization-shl","23":"tag-rubriker","24":"tag-se","25":"tag-sections-ishockey","26":"tag-sections-shl","27":"tag-svenska","28":"tag-sverige","29":"tag-sweden","30":"tag-swedish","31":"tag-top-stories","32":"tag-topstories"},"share_on_mastodon":{"url":"https:\/\/pubeurope.com\/@se\/115901068942609040","error":""},"_links":{"self":[{"href":"https:\/\/www.europesays.com\/se\/wp-json\/wp\/v2\/posts\/137536","targetHints":{"allow":["GET"]}}],"collection":[{"href":"https:\/\/www.europesays.com\/se\/wp-json\/wp\/v2\/posts"}],"about":[{"href":"https:\/\/www.europesays.com\/se\/wp-json\/wp\/v2\/types\/post"}],"author":[{"embeddable":true,"href":"https:\/\/www.europesays.com\/se\/wp-json\/wp\/v2\/users\/2"}],"replies":[{"embeddable":true,"href":"https:\/\/www.europesays.com\/se\/wp-json\/wp\/v2\/comments?post=137536"}],"version-history":[{"count":0,"href":"https:\/\/www.europesays.com\/se\/wp-json\/wp\/v2\/posts\/137536\/revisions"}],"wp:featuredmedia":[{"embeddable":true,"href":"https:\/\/www.europesays.com\/se\/wp-json\/wp\/v2\/media\/137537"}],"wp:attachment":[{"href":"https:\/\/www.europesays.com\/se\/wp-json\/wp\/v2\/media?parent=137536"}],"wp:term":[{"taxonomy":"category","embeddable":true,"href":"https:\/\/www.europesays.com\/se\/wp-json\/wp\/v2\/categories?post=137536"},{"taxonomy":"post_tag","embeddable":true,"href":"https:\/\/www.europesays.com\/se\/wp-json\/wp\/v2\/tags?post=137536"}],"curies":[{"name":"wp","href":"https:\/\/api.w.org\/{rel}","templated":true}]}}