{"id":137556,"date":"2026-01-15T21:10:08","date_gmt":"2026-01-15T21:10:08","guid":{"rendered":"https:\/\/www.europesays.com\/se\/137556\/"},"modified":"2026-01-15T21:10:08","modified_gmt":"2026-01-15T21:10:08","slug":"ishockey-hv71-efter-hoten-vi-vann-for-fredrik-stillman-2","status":"publish","type":"post","link":"https:\/\/www.europesays.com\/se\/137556\/","title":{"rendered":"Ishockey: HV71 efter hoten: \u201dVi vann f\u00f6r Fredrik Stillman\u201d"},"content":{"rendered":"<p>Stillman har sjukskrivit sig efter hat och hot, fr\u00e5n vad som av allt att d\u00f6ma \u00e4r egna fans, och st\u00f6ttades av klacken i kv\u00e4llens match mot F\u00e4rjestad som man vann med 5\u20133.<\/p>\n<p>\u201dSluta hota v\u00e5ra egna \u2013 krya Stille\u201d, stod det p\u00e5 en banderoll f\u00f6r den tillf\u00f6rordnade sportchefen.<\/p>\n<p>Sedan tidigare \u00e4r ordinarie sportchefen Bj\u00f6rn Liljander l\u00e5ngtidssjukskriven. <\/p>\n<p>\u2013 Det \u00e4r en overklig situation. En sportchef fyller i f\u00f6r en annan som \u00e4r sjukskriven, sedan f\u00f6ljer han i samma fotsp\u00e5r. Det \u00e4r sv\u00e5rt att veta var man ska st\u00e5, s\u00e4ger Blomqvist i TV4.<\/p>\n<p>\u201dFr\u00e5n f\u00f6reningens sida jobbar vi sedan en tid tillbaka med att ta fram en policy mot hat, hot och kr\u00e4nkningar. Vi kommer att ha nolltolerans och polisanm\u00e4la det hat och de hot som kommer\u201d, <a href=\"https:\/\/www.hv71.se\/article\/82nat8v-3iaijd\/view\" rel=\"nofollow noopener\" target=\"_blank\">s\u00e4ger klubbens ordf\u00f6rande Anna-Lena Isaksson i ett uttalande. <\/a><\/p>\n<p>\u2013 Fredrik \u00e4r ju en ikon i klubben och jag vet vad mycket han har betytt, s\u00e4ger tr\u00e4naren Anton Blomqvist. <\/p>\n","protected":false},"excerpt":{"rendered":"Stillman har sjukskrivit sig efter hat och hot, fr\u00e5n vad som av allt att d\u00f6ma \u00e4r egna fans,&hellip;\n","protected":false},"author":2,"featured_media":137543,"comment_status":"","ping_status":"","sticky":false,"template":"","format":"standard","meta":{"footnotes":""},"categories":[68],"tags":[34,111,110,31,33,32,30],"class_list":{"0":"post-137556","1":"post","2":"type-post","3":"status-publish","4":"format-standard","5":"has-post-thumbnail","7":"category-sport","8":"tag-se","9":"tag-sport","10":"tag-sports","11":"tag-svenska","12":"tag-sverige","13":"tag-sweden","14":"tag-swedish"},"share_on_mastodon":{"url":"https:\/\/pubeurope.com\/@se\/115901171224814052","error":""},"_links":{"self":[{"href":"https:\/\/www.europesays.com\/se\/wp-json\/wp\/v2\/posts\/137556","targetHints":{"allow":["GET"]}}],"collection":[{"href":"https:\/\/www.europesays.com\/se\/wp-json\/wp\/v2\/posts"}],"about":[{"href":"https:\/\/www.europesays.com\/se\/wp-json\/wp\/v2\/types\/post"}],"author":[{"embeddable":true,"href":"https:\/\/www.europesays.com\/se\/wp-json\/wp\/v2\/users\/2"}],"replies":[{"embeddable":true,"href":"https:\/\/www.europesays.com\/se\/wp-json\/wp\/v2\/comments?post=137556"}],"version-history":[{"count":0,"href":"https:\/\/www.europesays.com\/se\/wp-json\/wp\/v2\/posts\/137556\/revisions"}],"wp:featuredmedia":[{"embeddable":true,"href":"https:\/\/www.europesays.com\/se\/wp-json\/wp\/v2\/media\/137543"}],"wp:attachment":[{"href":"https:\/\/www.europesays.com\/se\/wp-json\/wp\/v2\/media?parent=137556"}],"wp:term":[{"taxonomy":"category","embeddable":true,"href":"https:\/\/www.europesays.com\/se\/wp-json\/wp\/v2\/categories?post=137556"},{"taxonomy":"post_tag","embeddable":true,"href":"https:\/\/www.europesays.com\/se\/wp-json\/wp\/v2\/tags?post=137556"}],"curies":[{"name":"wp","href":"https:\/\/api.w.org\/{rel}","templated":true}]}}