{"id":137561,"date":"2026-01-15T21:20:19","date_gmt":"2026-01-15T21:20:19","guid":{"rendered":"https:\/\/www.europesays.com\/se\/137561\/"},"modified":"2026-01-15T21:20:19","modified_gmt":"2026-01-15T21:20:19","slug":"ymer-vidare-till-australian-open-far-jattesumma-2","status":"publish","type":"post","link":"https:\/\/www.europesays.com\/se\/137561\/","title":{"rendered":"Ymer vidare till Australian Open \u2013 f\u00e5r j\u00e4ttesumma"},"content":{"rendered":"<p class=\"boxtextgrotesk-root_baa6 hyperion-css-1w346fg\">Uppdaterad 07.20 | Publicerad 05.57<\/p>\n<p>share-arrowDela<\/p>\n<p>unsaveSpara<\/p>\n<p>expand-left<\/p>\n<p>helsk\u00e4rm<img decoding=\"async\" class=\"image-asset hyperion-css-u06ts1\" data-test-tag=\"image-asset\" src=\"https:\/\/www.europesays.com\/se\/wp-content\/uploads\/2026\/01\/52ba15c0-820a-456f-91d8-4dd4dc25d739.jpeg\"  alt=\"Elias Ymer under match i oktober f\u00f6rra \u00e5ret.\"  loading=\"eager\" fetchpriority=\"high\" style=\"aspect-ratio:1900 \/ 1267\"\/>Elias Ymer under match i oktober f\u00f6rra \u00e5ret. Foto: Pontus Orre\/TT<\/p>\n<p class=\"hyperion-css-1shl3oz\" data-test-tag=\"lead-text\">Elias Ymer vann mot Hongkong-spelaren Colemang Wong och \u00e4r d\u00e4rmed klar f\u00f6r Australian Opens huvudturnering.<\/p>\n<p class=\"hyperion-css-1shl3oz\" data-test-tag=\"lead-text\">Segern inneb\u00e4r att svensken \u00e4r garanterad en prissumma p\u00e5 minst cirka 920\u00a0000 kronor.<\/p>\n<p class=\"hyperion-css-1v9qo5x\">Den tredje omg\u00e5ngen i kvalet gick v\u00e4gen f\u00f6r Ymer som vann tv\u00e5 av tre set (7\u20136, 4\u20136, 6\u20133).<\/p>\n<p class=\"hyperion-css-1v9qo5x\">Kvalificeringen inneb\u00e4r ett rej\u00e4lt klirr i kassan f\u00f6r Ymer. \u00c5ker han ut i f\u00f6rsta omg\u00e5ngen g\u00e5r han hem med 150\u00a0000 australiska dollar i prispengar, vilket motsvarar knappt 922\u00a0000 kronor. Tar han sig vidare ytterligare ett steg i turneringen kammar han hem n\u00e4ra 1,4 miljoner kronor.<\/p>\n<p class=\"hyperion-css-1v9qo5x\">Ymer har n\u00e5tt huvudturneringen i Australian Open tre g\u00e5nger tidigare i karri\u00e4ren, men har samtliga g\u00e5nger blivit utslagen i den f\u00f6rsta omg\u00e5ngen.<\/p>\n<p class=\"hyperion-css-1v9qo5x\">Svensken \u00e4r 175:a p\u00e5 ATP:s v\u00e4rldsrankning.<\/p>\n","protected":false},"excerpt":{"rendered":"Uppdaterad 07.20 | Publicerad 05.57 share-arrowDela unsaveSpara expand-left helsk\u00e4rmElias Ymer under match i oktober f\u00f6rra \u00e5ret. Foto: Pontus&hellip;\n","protected":false},"author":2,"featured_media":136868,"comment_status":"","ping_status":"","sticky":false,"template":"","format":"standard","meta":{"footnotes":""},"categories":[68],"tags":[34,111,110,31,33,32,30],"class_list":{"0":"post-137561","1":"post","2":"type-post","3":"status-publish","4":"format-standard","5":"has-post-thumbnail","7":"category-sport","8":"tag-se","9":"tag-sport","10":"tag-sports","11":"tag-svenska","12":"tag-sverige","13":"tag-sweden","14":"tag-swedish"},"share_on_mastodon":{"url":"https:\/\/pubeurope.com\/@se\/115901210533570502","error":""},"_links":{"self":[{"href":"https:\/\/www.europesays.com\/se\/wp-json\/wp\/v2\/posts\/137561","targetHints":{"allow":["GET"]}}],"collection":[{"href":"https:\/\/www.europesays.com\/se\/wp-json\/wp\/v2\/posts"}],"about":[{"href":"https:\/\/www.europesays.com\/se\/wp-json\/wp\/v2\/types\/post"}],"author":[{"embeddable":true,"href":"https:\/\/www.europesays.com\/se\/wp-json\/wp\/v2\/users\/2"}],"replies":[{"embeddable":true,"href":"https:\/\/www.europesays.com\/se\/wp-json\/wp\/v2\/comments?post=137561"}],"version-history":[{"count":0,"href":"https:\/\/www.europesays.com\/se\/wp-json\/wp\/v2\/posts\/137561\/revisions"}],"wp:featuredmedia":[{"embeddable":true,"href":"https:\/\/www.europesays.com\/se\/wp-json\/wp\/v2\/media\/136868"}],"wp:attachment":[{"href":"https:\/\/www.europesays.com\/se\/wp-json\/wp\/v2\/media?parent=137561"}],"wp:term":[{"taxonomy":"category","embeddable":true,"href":"https:\/\/www.europesays.com\/se\/wp-json\/wp\/v2\/categories?post=137561"},{"taxonomy":"post_tag","embeddable":true,"href":"https:\/\/www.europesays.com\/se\/wp-json\/wp\/v2\/tags?post=137561"}],"curies":[{"name":"wp","href":"https:\/\/api.w.org\/{rel}","templated":true}]}}