{"id":137578,"date":"2026-01-15T21:47:08","date_gmt":"2026-01-15T21:47:08","guid":{"rendered":"https:\/\/www.europesays.com\/se\/137578\/"},"modified":"2026-01-15T21:47:08","modified_gmt":"2026-01-15T21:47:08","slug":"rapporter-for-flera-ar-tillbaka-maste-raknas-om","status":"publish","type":"post","link":"https:\/\/www.europesays.com\/se\/137578\/","title":{"rendered":"Rapporter f\u00f6r flera \u00e5r tillbaka m\u00e5ste r\u00e4knas om"},"content":{"rendered":"<p>2025, oktober: Intellego offentligg\u00f6r stororder fr\u00e5n tyska Moveomed p\u00e5 22 miljoner euro. Aktien rasar efter att kundens namn avsl\u00f6jas och bolaget kritiseras f\u00f6r bristande transparens.<\/p>\n<p>2025, november: Vd Claes Lindahl anh\u00e5lls och h\u00e4ktas misst\u00e4nkt f\u00f6r grovt svindleri. EKN och SEK polisanm\u00e4ler Intellego f\u00f6r misst\u00e4nkt bedr\u00e4geri. EBM fryser tillg\u00e5ngar p\u00e5 230 miljoner kronor.<\/p>\n<p>2025, december: Fler i Intellegos ledning delges misstanke om brott. Lindahl sl\u00e4pps fri men f\u00e5r resef\u00f6rbud. Amerikanska Heights Capital riktar krav p\u00e5 210 miljoner kronor mot bolaget.<\/p>\n<p>2026, januari: Intellego polisanm\u00e4ler ex-vd Lindahl efter KPMG:s granskning. Stororder fr\u00e5n Moveomed dras tillbaka d\u00e5 villkoren visat sig vara f\u00f6rfalskade. Extra bolagsst\u00e4mma kallas till 23 februari.<\/p>\n","protected":false},"excerpt":{"rendered":"2025, oktober: Intellego offentligg\u00f6r stororder fr\u00e5n tyska Moveomed p\u00e5 22 miljoner euro. Aktien rasar efter att kundens namn&hellip;\n","protected":false},"author":2,"featured_media":137579,"comment_status":"","ping_status":"","sticky":false,"template":"","format":"standard","meta":{"footnotes":""},"categories":[65],"tags":[72,70,2867,71,5112,5107,34,31,33,32,30],"class_list":{"0":"post-137578","1":"post","2":"type-post","3":"status-publish","4":"format-standard","5":"has-post-thumbnail","7":"category-ekonomi","8":"tag-business","9":"tag-economy","10":"tag-ekobrott","11":"tag-ekonomi","12":"tag-intellego","13":"tag-kpmg","14":"tag-se","15":"tag-svenska","16":"tag-sverige","17":"tag-sweden","18":"tag-swedish"},"share_on_mastodon":{"url":"https:\/\/pubeurope.com\/@se\/115901316625795149","error":""},"_links":{"self":[{"href":"https:\/\/www.europesays.com\/se\/wp-json\/wp\/v2\/posts\/137578","targetHints":{"allow":["GET"]}}],"collection":[{"href":"https:\/\/www.europesays.com\/se\/wp-json\/wp\/v2\/posts"}],"about":[{"href":"https:\/\/www.europesays.com\/se\/wp-json\/wp\/v2\/types\/post"}],"author":[{"embeddable":true,"href":"https:\/\/www.europesays.com\/se\/wp-json\/wp\/v2\/users\/2"}],"replies":[{"embeddable":true,"href":"https:\/\/www.europesays.com\/se\/wp-json\/wp\/v2\/comments?post=137578"}],"version-history":[{"count":0,"href":"https:\/\/www.europesays.com\/se\/wp-json\/wp\/v2\/posts\/137578\/revisions"}],"wp:featuredmedia":[{"embeddable":true,"href":"https:\/\/www.europesays.com\/se\/wp-json\/wp\/v2\/media\/137579"}],"wp:attachment":[{"href":"https:\/\/www.europesays.com\/se\/wp-json\/wp\/v2\/media?parent=137578"}],"wp:term":[{"taxonomy":"category","embeddable":true,"href":"https:\/\/www.europesays.com\/se\/wp-json\/wp\/v2\/categories?post=137578"},{"taxonomy":"post_tag","embeddable":true,"href":"https:\/\/www.europesays.com\/se\/wp-json\/wp\/v2\/tags?post=137578"}],"curies":[{"name":"wp","href":"https:\/\/api.w.org\/{rel}","templated":true}]}}