{"id":137590,"date":"2026-01-15T22:00:13","date_gmt":"2026-01-15T22:00:13","guid":{"rendered":"https:\/\/www.europesays.com\/se\/137590\/"},"modified":"2026-01-15T22:00:13","modified_gmt":"2026-01-15T22:00:13","slug":"nygren-om-utsatta-laget-brotherhood-vi-ar-inte-i-ett-lage-att-kasta-skit-nwt","status":"publish","type":"post","link":"https:\/\/www.europesays.com\/se\/137590\/","title":{"rendered":"Nygren om utsatta l\u00e4get: \u201dBrotherhood, vi \u00e4r inte i ett l\u00e4ge att kasta skit\u201d &#8211; NWT"},"content":{"rendered":"<ol>\n<li><a href=\"https:\/\/news.google.com\/rss\/articles\/CBMiiAFBVV95cUxOZlJqS3B0NWd5X29ZSng1ZjByaXpZdEQ4d1VIbTlYZVlCb28tRHhKZ0xjQjBQUjhib0dFdXlzWE0wS0hYQ1RhWnFyb0tKcVkwT093bHRhekFCVUtndUFDQ0pKeHIyRHpIUUFEV2NYdkVvUDhldEd1RnlBaVdLUlFuXzR6ZDE4NWJi?oc=5\" target=\"_blank\" rel=\"nofollow noopener\">Nygren om utsatta l\u00e4get: \u201dBrotherhood, vi \u00e4r inte i ett l\u00e4ge att kasta skit\u201d<\/a>&nbsp;&nbsp;NWT<\/li>\n<li><a href=\"https:\/\/news.google.com\/rss\/articles\/CBMitgFBVV95cUxQS2NNNmk0cnpSdTlBZ2xBSjFhYlcwbmdhY0dYc3FtbFlmR0R1U0JkdFc2RFMtOURBeU1rQWRHUmdJaW1DQmlVTTRhRmgyLXhYQlV3dzVhYWdYUWpMU0lMZkJZYThua1VZbENwclFOM1pyWTNnSkhIcFlvNFZweUpxNzNlSWxxbmJqWVJWUVFidXZUTjNaS3pBQXhGOXI0OWJYVm82dE9Wem1xVVNnNGk3V1Rkc0h1UQ?oc=5\" target=\"_blank\" rel=\"nofollow noopener\">Klappade igenom i Abbotts debut<\/a>&nbsp;&nbsp;Aftonbladet<\/li>\n<li><a href=\"https:\/\/news.google.com\/rss\/articles\/CBMiugFBVV95cUxPU3I0U0Yyd1dsSUJhRlZRQjU2T1BhUm11NUtGV1otRlhpXzFIR0lRQnVKdVYtTEJNS1hCNXBwZzMyUGhublFRT0VBRHpBcjBSTWh0S1JvMHh0cnpWLVBGd1NDdTc4RTI4dHJyYW9WeHExZ2xidDUxSGdBcllZS3RKc0VKX1NCeGdMVzMyWVBaU0lWRE1MY1hOdTJ3MVl1YmN0TTc2RHdyRzNOVG9FTm4weVNNQlJ4dkdYb3c?oc=5\" target=\"_blank\" rel=\"nofollow noopener\">Abbotts budskap efter f\u00f6rlusten i debuten: \u201dAntingen vinner man \u2013 eller s\u00e5 l\u00e4r man sig\u201d<\/a>&nbsp;&nbsp;VF<\/li>\n<li><a href=\"https:\/\/news.google.com\/rss\/articles\/CBMirgFBVV95cUxQQmcxZzlZb3IxR0I4NHBxZ2xwWTZHRFZBMmxuX0xlZ1FMa28xNm1CMlVmdFZCWlRFNkR5WVZzNGJNY2lCOHg3eWxOb1BzT0puUC1wUHFINEFBSks0dFFpOG5WSmZQUXBpYmZvUUh3WHdJblhPRFhaU1FDTW83N09ZNWxOdzZDU3ZDaXBoMFBkdlRhanFySHVYb0RMT1c1dEpGZEFvOWdveThNcFhvNFE?oc=5\" target=\"_blank\" rel=\"nofollow noopener\">Ishockey: F\u00e4rjestad under Cam Abbott sl\u00e4ppte in fem m\u00e5l i en period: \u201dDet \u00e4r skitd\u00e5ligt\u201d<\/a>&nbsp;&nbsp;SVT Nyheter<\/li>\n<li><a href=\"https:\/\/news.google.com\/rss\/articles\/CBMic0FVX3lxTE1pUDlWUE95aHQwa1JMOVRyeFZpRlVfQVF5NzlvV0l3eWpzUE1DSm9PaUJZdkdiQzdVemRLV1kxaVB3dTUtTFRBcVpWbGZtODJwY0ZUSndSUHRXeHlrVTVIc1JmYzhpcnBsTWZzb3BRWEd6Z0U?oc=5\" target=\"_blank\" rel=\"nofollow noopener\">Tre tunga HV-po\u00e4ng: \u201dHur het \u00e4r karln?\u201d<\/a>&nbsp;&nbsp;J\u00f6nk\u00f6pings-Posten<\/li>\n<\/ol>\n","protected":false},"excerpt":{"rendered":"Nygren om utsatta l\u00e4get: \u201dBrotherhood, vi \u00e4r inte i ett l\u00e4ge att kasta skit\u201d&nbsp;&nbsp;NWT Klappade igenom i Abbotts&hellip;\n","protected":false},"author":2,"featured_media":137591,"comment_status":"","ping_status":"","sticky":false,"template":"","format":"standard","meta":{"footnotes":""},"categories":[68],"tags":[34,111,110,31,33,32,30],"class_list":{"0":"post-137590","1":"post","2":"type-post","3":"status-publish","4":"format-standard","5":"has-post-thumbnail","7":"category-sport","8":"tag-se","9":"tag-sport","10":"tag-sports","11":"tag-svenska","12":"tag-sverige","13":"tag-sweden","14":"tag-swedish"},"share_on_mastodon":{"url":"https:\/\/pubeurope.com\/@se\/115901367822108513","error":""},"_links":{"self":[{"href":"https:\/\/www.europesays.com\/se\/wp-json\/wp\/v2\/posts\/137590","targetHints":{"allow":["GET"]}}],"collection":[{"href":"https:\/\/www.europesays.com\/se\/wp-json\/wp\/v2\/posts"}],"about":[{"href":"https:\/\/www.europesays.com\/se\/wp-json\/wp\/v2\/types\/post"}],"author":[{"embeddable":true,"href":"https:\/\/www.europesays.com\/se\/wp-json\/wp\/v2\/users\/2"}],"replies":[{"embeddable":true,"href":"https:\/\/www.europesays.com\/se\/wp-json\/wp\/v2\/comments?post=137590"}],"version-history":[{"count":0,"href":"https:\/\/www.europesays.com\/se\/wp-json\/wp\/v2\/posts\/137590\/revisions"}],"wp:featuredmedia":[{"embeddable":true,"href":"https:\/\/www.europesays.com\/se\/wp-json\/wp\/v2\/media\/137591"}],"wp:attachment":[{"href":"https:\/\/www.europesays.com\/se\/wp-json\/wp\/v2\/media?parent=137590"}],"wp:term":[{"taxonomy":"category","embeddable":true,"href":"https:\/\/www.europesays.com\/se\/wp-json\/wp\/v2\/categories?post=137590"},{"taxonomy":"post_tag","embeddable":true,"href":"https:\/\/www.europesays.com\/se\/wp-json\/wp\/v2\/tags?post=137590"}],"curies":[{"name":"wp","href":"https:\/\/api.w.org\/{rel}","templated":true}]}}