{"id":137605,"date":"2026-01-15T22:11:07","date_gmt":"2026-01-15T22:11:07","guid":{"rendered":"https:\/\/www.europesays.com\/se\/137605\/"},"modified":"2026-01-15T22:11:07","modified_gmt":"2026-01-15T22:11:07","slug":"anna-carin-har-inte-fatt-sitt-bagage-pa-en-vecka-vansinnig","status":"publish","type":"post","link":"https:\/\/www.europesays.com\/se\/137605\/","title":{"rendered":"Anna Carin har inte f\u00e5tt sitt bagage \u2013 p\u00e5 en vecka: \u201dVansinnig\u201d"},"content":{"rendered":"<p>Publicerad 15 jan 2026 kl 21.55<\/p>\n<p>Anna Carin Gustafssons Thailandsresa fick ett sn\u00f6pligt slut.<\/p>\n<p>En vecka efter hemkomst v\u00e4ntar hon fortfarande p\u00e5 tv\u00e5 incheckade v\u00e4skor.<\/p>\n<p>Nu v\u00e4nder hon sin ilska mot Bring.<\/p>\n<p>\u2013 Det k\u00e4nns som att de har kidnappat mitt bagage, s\u00e4ger hon.<\/p>\n<p>Senaste nyhetsklippen fr\u00e5n Expressen.<img   alt=\"\"\/><\/p>\n<p>\u201dJag \u00e4r s\u00e5 arg\u201d, s\u00e4ger Anna Carin Gustafsson, vars bagage \u00e4r f\u00f6rsvunnet efter en Thailandsresa.<\/p>\n<p>Foto: Privat<\/p>\n<p>\u00d6ppna bild i helsk\u00e4rm<img loading=\"lazy\"   alt=\"\"\/><\/p>\n<p>Anna Carin hade varit i Phuket.<\/p>\n<p>Foto: SHUTTERSTOCK<\/p>\n<p>\u00d6ppna bild i helsk\u00e4rmArtikeln i korthet<\/p>\n<p>\u25a0 Anna Carin Gustafssons bagage var f\u00f6rsenat till Arlanda. Nu har hon v\u00e4ntat p\u00e5 det i en vecka.<\/p>\n<p>\u25a0 Bring har uppgett att de ska leverera v\u00e4skorna, men n\u00e5gon leverans har inte kommit.<\/p>\n<p>\u25a0 Bring uppger att de har v\u00e4ldigt mycket att g\u00f6ra, d\u00e5 de har f\u00e5tt mer bagage att hantera \u00e4n v\u00e4ntat.<\/p>\n<p>Visa mer<\/p>\n<p>Det blev en h\u00e4rlig, drygt tre veckor l\u00e5ng resa till thail\u00e4ndska Phuket f\u00f6r Anna Carin Gustafsson, 57, och hennes man.<\/p>\n<p>Men efter hemkomst har det strulat.<\/p>\n<p>Paret landade p\u00e5 Arlanda den 8 januari \u2013 men inte deras bagage. Det hade blivit kvar i Singapore, i samband med en mellanlandning med Singapore Airlines.<\/p>\n<p>Inget bagage p\u00e5 sju dagar<\/p>\n<p>\u2013 Vi pratade med en person p\u00e5 SAS, som vi fl\u00f6g med fr\u00e5n Kastrup till Arlanda, som sa att detta inte \u00e4r n\u00e5got ovanligt och att bagaget skulle komma med n\u00e4sta plan. Vi kunde \u00e5ka hem s\u00e5 skulle vi f\u00e5 det om tv\u00e5 dagar, ber\u00e4ttar Anna Carin Gustafsson.<\/p>\n<p>Hon och maken \u00e5kte d\u00e5 hem till Lidk\u00f6ping. Men nu, efter en vecka, har de fortfarande inte sett skymten av sina incheckade v\u00e4skor, som inneh\u00f6ll bland annat vinterjacka och vinterskor.<\/p>\n<p>\u2013 Jag \u00e4r vansinnig. Jag vill ha hem mina grejer. Jag har ju betalat f\u00f6r en tj\u00e4nst, s\u00e4ger Anna Carin Gustafsson.<\/p>\n<p>\u201dG\u00e5r i ett limbo och v\u00e4ntar\u201d<\/p>\n<p>Hon har f\u00e5tt flera sms och mejl fr\u00e5n <a href=\"https:\/\/www.expressen.se\/tagg\/organization\/bring\/\" class=\"\" rel=\"nofollow noopener\" target=\"_blank\">Bring<\/a>, som ska leverera bagaget till paret i Lidk\u00f6ping. Men v\u00e4skorna har inte kommit fram, och enligt Anna Carin Gustafsson fungerar inte Brings l\u00e4nkar och det g\u00e5r inte att n\u00e5 deras kundtj\u00e4nst.<\/p>\n<p>\u2013 Jag har ringt varenda nummer som finns och suttit s\u00e4kert 20 timmar i telefonk\u00f6. Det \u00e4r katastrof.<\/p>\n<p><img loading=\"lazy\"   alt=\"\"\/><\/p>\n<p>Bring har skickat flera sms och mejl till Anna Carin Gustafsson, men hon s\u00e4ger att hon inte f\u00e5r n\u00e5gon kontakt med dem.<\/p>\n<p>Foto: Privat<\/p>\n<p>\u00d6ppna bild i helsk\u00e4rm<img loading=\"lazy\"   alt=\"\"\/><\/p>\n<p>Bagaget kom aldrig p\u00e5 onsdagskv\u00e4llen. \u201dNu v\u00e5gar jag inte l\u00e4mna hemmet eller prata i telefon om de ringer\u201d, s\u00e4ger Anna Carin Gustafsson.<\/p>\n<p>Foto: Privat<\/p>\n<p>\u00d6ppna bild i helsk\u00e4rm<\/p>\n<p>Anna Carin Gustafsson forts\u00e4tter:<\/p>\n<p>\u2013 I g\u00e5r fick jag ett sms om att mitt bagage skulle komma mellan 17 och 22, men det har inte kommit och Bring har inte h\u00f6rt av sig. Jag g\u00e5r i ett limbo och v\u00e4ntar. Det k\u00e4nns som att de har kidnappat mitt bagage. Och det finns de som har v\u00e4ntat \u00e4nnu l\u00e4ngre.<\/p>\n<p>S\u00e5 s\u00e4ger Bring: Ett v\u00e4derproblem<\/p>\n<p>P\u00e5 Bring s\u00e4ger presskontakten Matilda Adelborg att de k\u00f6r ut f\u00f6rsenat bagage \u00e5t marktj\u00e4nstbolagen, som \u00e4r de som hanterar bagaget p\u00e5 flygplatserna.<\/p>\n<p>\u2013 Och p\u00e5 v\u00e4ldigt kort tid har det blivit v\u00e4ldigt mycket mer bagage \u00e4n vad de har efterfr\u00e5gat fr\u00e5n oss. S\u00e5 vi har v\u00e4ldigt mycket att g\u00f6ra.<\/p>\n<p><img loading=\"lazy\"   alt=\"\"\/><\/p>\n<p>\u201dVi har f\u00e5tt enorma m\u00e4ngder bagage som vi ska k\u00f6ra ut\u201d, s\u00e4ger Matilda Adelborg p\u00e5 Bring.<\/p>\n<p>Foto: Bring<\/p>\n<p>\u00d6ppna bild i helsk\u00e4rm<\/p>\n<p>Enligt Adelborg \u00e4r detta \u201di grunden ett v\u00e4derproblem\u201d, som har sammanfallit bland annat med stora reshelger och <a href=\"https:\/\/www.expressen.se\/nyheter\/expressen-direkt\/?post=1ea96a66-2e32-4595-a41a-3a1fd1eb02a4\" rel=\"nofollow noopener\" target=\"_blank\">tekniska problem med bagagehanteringen p\u00e5 Kastrup f\u00f6rra helgen<\/a>.\u00a0<\/p>\n<p>\u2013 Vi jobbar p\u00e5 och g\u00f6r allt vi kan f\u00f6r att f\u00e5 ut bagaget s\u00e5 fort som m\u00f6jligt, men jag f\u00f6rst\u00e5r att det \u00e4r m\u00e5nga som v\u00e4ntar. Vi betar av alla i tur och ordning.<\/p>\n<p>Extrapersonal p\u00e5 Bring<\/p>\n<p>F\u00f6r att hantera m\u00e4ngderna har Bring femdubblat sin kapacitet, s\u00e4ger Matilda Adelborg.<\/p>\n<p>\u2013 Det handlar inte bara om att vi ska ha bilar och chauff\u00f6rer, utan ocks\u00e5 om sj\u00e4lva hanteringen av v\u00e4skorna, s\u00e5 att r\u00e4tt v\u00e4ska hamnar i r\u00e4tt bil och har r\u00e4tt dokumentation. P\u00e5 kundtj\u00e4nst har vi en backlog som vi h\u00e5ller p\u00e5 och jobbar av, och vi ser nu en ljusning.<\/p>\n<p>Ers\u00e4ttning f\u00f6r f\u00f6rsenat bagage<\/p>\n<p>\u25a0 Om ditt bagage blir f\u00f6rsenat kan du kr\u00e4va ers\u00e4ttning fr\u00e5n flygbolaget.<\/p>\n<p>\u25a0 B\u00f6rja med att anm\u00e4la att ditt bagage \u00e4r borta reda vid bagageutl\u00e4mningen. D\u00e5 f\u00e5r du fylla i en anm\u00e4lningsblankett, som kallas Property Irregularity Report (PIR).<\/p>\n<p>\u25a0 Skicka sen skriftligt in ditt krav till flygbolaget s\u00e5 snabbt som m\u00f6jligt, senast 21 dagar efter att du f\u00e5tt tillbaka bagaget.<\/p>\n<p>\u25a0 T\u00e4nk p\u00e5 att skicka med din PIR, kvitton p\u00e5 eventuella ink\u00f6p, biljetter\/boardingkort samt foton eller filmer om bagaget har skadats.<\/p>\n<p>\u25a0 Hos Konsumentverket kan du anv\u00e4nda <a href=\"https:\/\/flygkalkylatorn.konsumentverket.se\/\" rel=\"nofollow noopener\" target=\"_blank\">flygkalkylatorn<\/a> f\u00f6r att r\u00e4kna ut vilken ers\u00e4ttning du har r\u00e4tt till.<\/p>\n<p><strong>K\u00e4lla:<\/strong> <a href=\"https:\/\/www.konsumentverket.se\/varor-och-tjanster-process\/forsenat-eller-forlorat-bagage\/#2pwtjMFIzvvnzEX7I8LDdY\" rel=\"nofollow noopener\" target=\"_blank\">Konsumentverket<\/a>\u00a0<\/p>\n<p>Visa mer<strong>L\u00c4S MER: <\/strong><a href=\"https:\/\/www.expressen.se\/nyheter\/sverige\/resenarernas-ilska-pa-arlanda-bagage-borta-i-dagar-kaotiskt\/\" class=\"\" rel=\"nofollow noopener\" target=\"_blank\">Resen\u00e4rernas ilska p\u00e5 Arlanda \u2013 bagage borta i dagar: \u201dKaotiskt\u201d<\/a><\/p>\n","protected":false},"excerpt":{"rendered":"Publicerad 15 jan 2026 kl 21.55 Anna Carin Gustafssons Thailandsresa fick ett sn\u00f6pligt slut. En vecka efter hemkomst&hellip;\n","protected":false},"author":2,"featured_media":137606,"comment_status":"","ping_status":"","sticky":false,"template":"","format":"standard","meta":{"footnotes":""},"categories":[65],"tags":[72,70,71,107,13816,34,154,31,33,32,30,856],"class_list":{"0":"post-137605","1":"post","2":"type-post","3":"status-publish","4":"format-standard","5":"has-post-thumbnail","7":"category-ekonomi","8":"tag-business","9":"tag-economy","10":"tag-ekonomi","11":"tag-location-arlanda","12":"tag-organization-bring","13":"tag-se","14":"tag-sections-sverige","15":"tag-svenska","16":"tag-sverige","17":"tag-sweden","18":"tag-swedish","19":"tag-topic-resa-turism"},"share_on_mastodon":{"url":"https:\/\/pubeurope.com\/@se\/115901411130390743","error":""},"_links":{"self":[{"href":"https:\/\/www.europesays.com\/se\/wp-json\/wp\/v2\/posts\/137605","targetHints":{"allow":["GET"]}}],"collection":[{"href":"https:\/\/www.europesays.com\/se\/wp-json\/wp\/v2\/posts"}],"about":[{"href":"https:\/\/www.europesays.com\/se\/wp-json\/wp\/v2\/types\/post"}],"author":[{"embeddable":true,"href":"https:\/\/www.europesays.com\/se\/wp-json\/wp\/v2\/users\/2"}],"replies":[{"embeddable":true,"href":"https:\/\/www.europesays.com\/se\/wp-json\/wp\/v2\/comments?post=137605"}],"version-history":[{"count":0,"href":"https:\/\/www.europesays.com\/se\/wp-json\/wp\/v2\/posts\/137605\/revisions"}],"wp:featuredmedia":[{"embeddable":true,"href":"https:\/\/www.europesays.com\/se\/wp-json\/wp\/v2\/media\/137606"}],"wp:attachment":[{"href":"https:\/\/www.europesays.com\/se\/wp-json\/wp\/v2\/media?parent=137605"}],"wp:term":[{"taxonomy":"category","embeddable":true,"href":"https:\/\/www.europesays.com\/se\/wp-json\/wp\/v2\/categories?post=137605"},{"taxonomy":"post_tag","embeddable":true,"href":"https:\/\/www.europesays.com\/se\/wp-json\/wp\/v2\/tags?post=137605"}],"curies":[{"name":"wp","href":"https:\/\/api.w.org\/{rel}","templated":true}]}}