{"id":137611,"date":"2026-01-15T22:16:07","date_gmt":"2026-01-15T22:16:07","guid":{"rendered":"https:\/\/www.europesays.com\/se\/137611\/"},"modified":"2026-01-15T22:16:07","modified_gmt":"2026-01-15T22:16:07","slug":"le-monde-svenske-fifa-pampens-lon-fifa","status":"publish","type":"post","link":"https:\/\/www.europesays.com\/se\/137611\/","title":{"rendered":"Le Monde: Svenske Fifa-pampens l\u00f6n &#8211; Fifa"},"content":{"rendered":"<p>Franska tidningen Le Monde har tagit del av skattedeklarationer fr\u00e5n USA och tittat n\u00e4rmare p\u00e5 hur mycket h\u00f6jdarna inom Fifa tj\u00e4nar. <\/p>\n<p>F\u00f6ga \u00f6verraskande sitter presidenten Gianni Infantino p\u00e5 ett v\u00e4l tilltaget l\u00f6nekuvert. Enligt Le Monde betalade Fifa 6,133 miljoner dollar till basen \u00e5r 2024. Det motsvarar ungef\u00e4r 56 miljoner kronor. Summan avser grundl\u00f6n p\u00e5 2,954 miljoner dollar, bonusar p\u00e5 1,874 miljoner dollar, 1,148 miljoner dollar f\u00f6r andra f\u00f6rm\u00e5ner samt 155 000 dollar i pension och andra ers\u00e4ttningar. <\/p>\n<p>Det \u00e4r betydligt mer \u00e4n vad Fifa betalde sin president n\u00e4r Infantino tilltr\u00e4dde p\u00e5 posten \u00e5r 2016. D\u00e5 betalade Fifa f\u00f6rre presidenten Sepp Blatter runt 1,28 miljoner euro (runt 13 miljoner kronor). <\/p>\n<p>Le Monde har \u00e4ven kommit \u00f6ver l\u00f6nen f\u00f6r svenske Mattias Grafstr\u00f6m, generalsekreterare i Fifa. Han uppges f\u00e5tt 2,262 miljoner dollar (runt 20,8 miljoner kronor) av Fifa \u00e5r 2024. \u00c5tta \u00e5r tidigare betalade Fifa 1,5 miljoner dollar  (13,8 miljoner kronor) till sin generalsekreterare, som vid tidpunkten var Gianni Infantino. <\/p>\n","protected":false},"excerpt":{"rendered":"Franska tidningen Le Monde har tagit del av skattedeklarationer fr\u00e5n USA och tittat n\u00e4rmare p\u00e5 hur mycket h\u00f6jdarna&hellip;\n","protected":false},"author":2,"featured_media":137612,"comment_status":"","ping_status":"","sticky":false,"template":"","format":"standard","meta":{"footnotes":""},"categories":[68],"tags":[34,111,110,31,33,32,30],"class_list":{"0":"post-137611","1":"post","2":"type-post","3":"status-publish","4":"format-standard","5":"has-post-thumbnail","7":"category-sport","8":"tag-se","9":"tag-sport","10":"tag-sports","11":"tag-svenska","12":"tag-sverige","13":"tag-sweden","14":"tag-swedish"},"share_on_mastodon":{"url":"https:\/\/pubeurope.com\/@se\/115901430658763509","error":""},"_links":{"self":[{"href":"https:\/\/www.europesays.com\/se\/wp-json\/wp\/v2\/posts\/137611","targetHints":{"allow":["GET"]}}],"collection":[{"href":"https:\/\/www.europesays.com\/se\/wp-json\/wp\/v2\/posts"}],"about":[{"href":"https:\/\/www.europesays.com\/se\/wp-json\/wp\/v2\/types\/post"}],"author":[{"embeddable":true,"href":"https:\/\/www.europesays.com\/se\/wp-json\/wp\/v2\/users\/2"}],"replies":[{"embeddable":true,"href":"https:\/\/www.europesays.com\/se\/wp-json\/wp\/v2\/comments?post=137611"}],"version-history":[{"count":0,"href":"https:\/\/www.europesays.com\/se\/wp-json\/wp\/v2\/posts\/137611\/revisions"}],"wp:featuredmedia":[{"embeddable":true,"href":"https:\/\/www.europesays.com\/se\/wp-json\/wp\/v2\/media\/137612"}],"wp:attachment":[{"href":"https:\/\/www.europesays.com\/se\/wp-json\/wp\/v2\/media?parent=137611"}],"wp:term":[{"taxonomy":"category","embeddable":true,"href":"https:\/\/www.europesays.com\/se\/wp-json\/wp\/v2\/categories?post=137611"},{"taxonomy":"post_tag","embeddable":true,"href":"https:\/\/www.europesays.com\/se\/wp-json\/wp\/v2\/tags?post=137611"}],"curies":[{"name":"wp","href":"https:\/\/api.w.org\/{rel}","templated":true}]}}