{"id":137615,"date":"2026-01-15T22:21:12","date_gmt":"2026-01-15T22:21:12","guid":{"rendered":"https:\/\/www.europesays.com\/se\/137615\/"},"modified":"2026-01-15T22:21:12","modified_gmt":"2026-01-15T22:21:12","slug":"vilma-andersson-har-egen-avdelning-pa-rattspsyk-personalen-forbannad","status":"publish","type":"post","link":"https:\/\/www.europesays.com\/se\/137615\/","title":{"rendered":"Vilma Andersson har egen avdelning p\u00e5 r\u00e4ttspsyk \u2013 personalen f\u00f6rbannad"},"content":{"rendered":"<p>Den misst\u00e4nkte styckm\u00f6rdaren Vilma Andersson har f\u00e5tt en egen avdelning p\u00e5 r\u00e4ttspsyk med tv-rum, Playstation och egen balkong, enligt Expressens uppgifter.<\/p>\n<p>Anl\u00e4ggningen har tv\u00e5 avdelningar som normalt inhyser 13 klienter var. Andersson ska ha f\u00e5tt hela den ena avdelningen. Detta uppges motiveras med att han \u00e4r s\u00e5 medialt k\u00e4nd att han skulle riskera att bli misshandlad av andra klienter.<\/p>\n<p>\u2013 Han f\u00e5r s\u00e4rbehandling. Det \u00e4r v\u00e4ldigt ovanligt och har gjort m\u00e5nga i personalen f\u00f6rbannade, uppger en k\u00e4lla med insyn i verksamheten.<\/p>\n<p>Andersson uppges sova gott och visar ingen \u00e5nger eller empati. Han uppges d\u00e4remot f\u00e5 vredesutbrott om han f\u00f6rlorar i s\u00e4llskapsspel eller blir kallad Robin, hans tidigare f\u00f6rnamn.<\/p>\n<p>Omni \u00e4r politiskt obundna och oberoende. Vi str\u00e4var efter att ge fler perspektiv p\u00e5 nyheterna. Har du fr\u00e5gor eller synpunkter kring v\u00e5r rapportering? <a href=\"https:\/\/omni.se\/uppgift-vilma-andersson-har-egen-avdelning-pa-rattspsyk-personalen-arg\/a\/mailto:redaktion@omni.se\" class=\"ArticleActions_contactLink__W2F1M\" rel=\"nofollow noopener\" target=\"_blank\">Kontakta redaktionen<\/a><\/p>\n","protected":false},"excerpt":{"rendered":"Den misst\u00e4nkte styckm\u00f6rdaren Vilma Andersson har f\u00e5tt en egen avdelning p\u00e5 r\u00e4ttspsyk med tv-rum, Playstation och egen balkong,&hellip;\n","protected":false},"author":2,"featured_media":137616,"comment_status":"","ping_status":"","sticky":false,"template":"","format":"standard","meta":{"footnotes":""},"categories":[12],"tags":[22,23,128,26,27,17,21,24,25,28,29,15,16,13817,18,34,127,31,33,32,30,19,20],"class_list":{"0":"post-137615","1":"post","2":"type-post","3":"status-publish","4":"format-standard","5":"has-post-thumbnail","7":"category-sverige","8":"tag-breaking-news","9":"tag-breakingnews","10":"tag-brott","11":"tag-featured-news","12":"tag-featurednews","13":"tag-headlines","14":"tag-huvudnyheter","15":"tag-latest-news","16":"tag-latestnews","17":"tag-main-news","18":"tag-mainnews","19":"tag-news","20":"tag-nyheter","21":"tag-ronninge","22":"tag-rubriker","23":"tag-se","24":"tag-stockholms-lan","25":"tag-svenska","26":"tag-sverige","27":"tag-sweden","28":"tag-swedish","29":"tag-top-stories","30":"tag-topstories"},"share_on_mastodon":{"url":"https:\/\/pubeurope.com\/@se\/115901450428911231","error":""},"_links":{"self":[{"href":"https:\/\/www.europesays.com\/se\/wp-json\/wp\/v2\/posts\/137615","targetHints":{"allow":["GET"]}}],"collection":[{"href":"https:\/\/www.europesays.com\/se\/wp-json\/wp\/v2\/posts"}],"about":[{"href":"https:\/\/www.europesays.com\/se\/wp-json\/wp\/v2\/types\/post"}],"author":[{"embeddable":true,"href":"https:\/\/www.europesays.com\/se\/wp-json\/wp\/v2\/users\/2"}],"replies":[{"embeddable":true,"href":"https:\/\/www.europesays.com\/se\/wp-json\/wp\/v2\/comments?post=137615"}],"version-history":[{"count":0,"href":"https:\/\/www.europesays.com\/se\/wp-json\/wp\/v2\/posts\/137615\/revisions"}],"wp:featuredmedia":[{"embeddable":true,"href":"https:\/\/www.europesays.com\/se\/wp-json\/wp\/v2\/media\/137616"}],"wp:attachment":[{"href":"https:\/\/www.europesays.com\/se\/wp-json\/wp\/v2\/media?parent=137615"}],"wp:term":[{"taxonomy":"category","embeddable":true,"href":"https:\/\/www.europesays.com\/se\/wp-json\/wp\/v2\/categories?post=137615"},{"taxonomy":"post_tag","embeddable":true,"href":"https:\/\/www.europesays.com\/se\/wp-json\/wp\/v2\/tags?post=137615"}],"curies":[{"name":"wp","href":"https:\/\/api.w.org\/{rel}","templated":true}]}}