{"id":137622,"date":"2026-01-15T22:35:25","date_gmt":"2026-01-15T22:35:25","guid":{"rendered":"https:\/\/www.europesays.com\/se\/137622\/"},"modified":"2026-01-15T22:35:25","modified_gmt":"2026-01-15T22:35:25","slug":"johanna-ahlm-om-svt-fiaskot-fortfarande-irriterad-handboll","status":"publish","type":"post","link":"https:\/\/www.europesays.com\/se\/137622\/","title":{"rendered":"Johanna Ahlm om SVT-fiaskot: \u201dFortfarande irriterad\u201d | Handboll"},"content":{"rendered":"<p>Publicerad 15 jan 2026 kl 06.48Uppdaterad kl 08.47<\/p>\n<p>Det blev inte som t\u00e4nkt i \u201dM\u00e4starnas m\u00e4stare\u201d.<\/p>\n<p>Johanna Ahlm har \u00e4nnu inte kommit \u00f6ver insatsen i SVT-succ\u00e9n.<\/p>\n<p>\u2013 Jag \u00e4r fortfarande irriterad, s\u00e4ger Viaplay-experten.<\/p>\n<p><img   alt=\"\"\/><\/p>\n<p>Johanna Ahlm.<\/p>\n<p>Foto: Jessica Gow \/ TT \/ TT NYHETSBYR\u00c5N<\/p>\n<p>\u00d6ppna bild i helsk\u00e4rmArtikeln i korthet<\/p>\n<p> Johanna Ahlm \u00e4r fortfarande irriterad \u00f6ver att ha \u00e5kt ut f\u00f6rst i \u201dM\u00e4starnas m\u00e4stare\u201d.<\/p>\n<p> Hon tycker det \u00e4r tungt att kritisera gamla lagkamrater som expert.<\/p>\n<p> Ahlm vill se en heltidsanst\u00e4lld f\u00f6rbundskapten f\u00f6r damlandslaget.<\/p>\n<p> Trots besvikelsen fr\u00e5n SVT-programmet har hon f\u00e5tt nya v\u00e4nner f\u00f6r livet.<\/p>\n<p>Visa mer<\/p>\n<p>\u00c5ter \u00e4r det dags f\u00f6r handbollsm\u00e4sterskap. Sverige g\u00e5r f\u00f6r sin sj\u00e4tte EM-titel, denna g\u00e5ng p\u00e5 hemmaplan.<\/p>\n<p><a href=\"https:\/\/www.expressen.se\/tagg\/organization\/viaplay\/\" class=\"\" rel=\"nofollow noopener\" target=\"_blank\">Viaplay<\/a>-experten Johanna Ahlm h\u00e5ller f\u00f6rv\u00e4ntningarna l\u00e5ga.<\/p>\n<p>\u2013 Jag har en v\u00e4ldigt ny approach. Jag orkar liksom inte tro och hoppas f\u00f6r mycket. Det k\u00e4nns sk\u00f6nare att bara ta ett steg tillbaka och vara n\u00f6jd med alla vinster som kommer. Jag har best\u00e4mt mig f\u00f6r att inte b\u00f6rja prata om medaljer.<\/p>\n<p>38-\u00e5ringen har b\u00f6rjat v\u00e4xa in i tv-kostymen efter ett antal m\u00e4sterskap som tyckare. Exempelvis st\u00f6r sig inte <a href=\"https:\/\/www.expressen.se\/sport\/handboll\/johanna-ahlm-tycker-jag-har-konstig-dialekt-det-skiter-jag-i\/\" rel=\"nofollow noopener\" target=\"_blank\">lika m\u00e5nga p\u00e5 hennes dialekt l\u00e4ngre.<\/a><\/p>\n<p>\u2013\u00a0Haha, nej det var faktiskt l\u00e4ngesedan jag fick en kommentar om det. De har nog vant sig vid min r\u00f6st nu.<\/p>\n<p>Expertb\u00f6rdan: \u201dDet \u00e4r tungt\u201d<\/p>\n<p>Ahlm medger dock utan omsvep att det var tufft att kritisera gamla lagkamrater i vintras n\u00e4r Sveriges damer \u00e5kte ur VM redan i mellanrundan.<\/p>\n<p>\u2013 Det var jobbigt att det gick s\u00e5 pass d\u00e5ligt. Jag vill ju inget annat \u00e4n att det ska g\u00e5 bra f\u00f6r Sverige, f\u00f6r det g\u00f6r mitt jobb s\u00e5 mycket roligare. Det \u00e4r tungt att st\u00e5 och vara kritisk och ifr\u00e5gas\u00e4tta.\u00a0<\/p>\n<p>\u2013\u00a0Och n\u00e4r det inte bara sker en g\u00e5ng utan det sker igen och igen s\u00e5 kr\u00e4vs det st\u00f6rre analyser och man b\u00f6rjar ifr\u00e5gas\u00e4tta inte bara f\u00f6rbundskaptener och spelare, utan \u00e4ven strategier i f\u00f6rbundet. Och jag kan t\u00e4nka mig att vi kommer att beh\u00f6va g\u00f6ra det igen. G\u00e5r det inte bra nu \u00e4r det d\u00e4r vi kommer att hamna.<\/p>\n<p>Under VM riktade Johanna Ahlm kritik mot att damlandslagets f\u00f6rbundskapten Tomas Axn\u00e9r \u00e4ven jobbar som klubblagstr\u00e4nare.<\/p>\n<p>N\u00e5got herrarnas motsvarighet Michael Apelgren ocks\u00e5 g\u00f6r.<\/p>\n<p>\u2013 Jag hade nog velat ha en heltidsanst\u00e4lld f\u00f6rbundskapten. Som har m\u00f6jlighet att ta ett st\u00f6rre perspektiv och ha en r\u00f6d tr\u00e5d genom allt. Jag pratade med (tidigare norska stj\u00e4rnan) Stine Oftedal om detta nyligen. Hon sade att man aldrig hade accepterat det i Norge. Inte f\u00f6r att man ska kopiera allt Norge g\u00f6r, men jag skulle nog \u00e4nd\u00e5 f\u00f6redra det, s\u00e4ger Ahlm.<\/p>\n<p>N\u00e4ra relationen med f\u00f6rbundskaptenerna<\/p>\n<p>Privat \u00e4r hon n\u00e4ra v\u00e4n med Apelgren och hans partner Therese. Ahlm var \u00e4ven tillsammans med assisterande f\u00f6rbundskaptenen Patrik Fahlgren f\u00f6r drygt 15 \u00e5r sedan.<\/p>\n<p>\u2013\u00a0Jag tycker \u00e4nd\u00e5 att vi har en v\u00e4ldigt bra dialog kring det. Micke har en v\u00e4ldigt sund syn p\u00e5 medierna och v\u00e5r roll, och hur vi kan jobba tillsammans f\u00f6r att bygga produkten handboll. Sedan f\u00f6rs\u00f6ker jag l\u00e5ta Micke vara i sin bubbla. Det \u00e4r klart att jag har fler fr\u00e5gor \u00e4n jag st\u00e4ller. Men jag tycker vi har ett bra samarbete kring allt.<\/p>\n<p>Ahlm har nyligen flyttat hem fr\u00e5n Danmark till S\u00e4vedalen. D\u00e4r bor hon med sin man Rasmus Overby och parets tv\u00e5 barn.<\/p>\n<p><img loading=\"lazy\"   alt=\"\"\/><\/p>\n<p>Anja P\u00e4rson.<\/p>\n<p>Foto: ANNA-KARIN NILSSON<\/p>\n<p>\u00d6ppna bild i helsk\u00e4rm<\/p>\n<p>Overby, som Ahlm tr\u00e4ffade n\u00e4r hon spelade under honom i S\u00e4vehof, pendlar till tr\u00e4narjobbet i Skara. Avst\u00e5ndet \u00e4r \u201dlite l\u00e5ngt\u201d, men annars har de inget att klaga p\u00e5.<\/p>\n<p>F\u00f6rutom en sak. Det var den d\u00e4r insatsen i \u201dM\u00e4starnas m\u00e4stare\u201d.<\/p>\n<p>Annons<\/p>\n<p>I s\u00e4song 16 st\u00e4lldes Johanna Ahlm mot idrottsprofiler som Anja P\u00e4rsson, Sebastian Larsson och Joel Lundqvist.\u00a0<\/p>\n<p>Och \u00e5kte ut f\u00f6rst av alla.<\/p>\n<p>\u2013 Det var v\u00e4l b\u00e5de positivt och negativt. Jag kan fortfarande vara irriterad f\u00f6r att jag inte gick l\u00e4ngre. Men det \u00e4r v\u00e4l s\u00e5 man \u00e4r formad. Man vill prestera bra. Det var en v\u00e4ldigt bra upplevelse och jag har f\u00e5tt kontakter f\u00f6r livet.\u00a0<\/p>\n<p>\u201dKan fortfarande irritera mig\u201d<\/p>\n<p>Ahlm ber\u00e4ttar att hela g\u00e4nget fortfarande h\u00e5ller kontakten i en chattgrupp d\u00e4r de f\u00f6ljer varandras liv.<\/p>\n<p>Men&#8230;<\/p>\n<p>\u2013 Jag kan fortfarande irritera mig och g\u00e5 runt och t\u00e4nka p\u00e5 varf\u00f6r jag inte gjorde si eller s\u00e5. Det ska jag inte ljuga om.<\/p>\n<p><strong>Du kanske inte var ensam vinnarskalle d\u00e4r?<\/strong><\/p>\n<p>\u2013 Nej, det var man v\u00e4l inte. Det var v\u00e4l kanske ocks\u00e5 d\u00e4rf\u00f6r det blev som det blev.\u00a0<\/p>\n<p>Sverige inleder handbolls-EM mot Nederl\u00e4nderna p\u00e5 l\u00f6rdag 20.30. Samtliga matcher s\u00e4nds p\u00e5 Viaplay.<\/p>\n<p>Viaplay-experternas EM-tips:<\/p>\n<p>Johanna Ahlm:<\/p>\n<p>\u2013 Jag tror oerh\u00f6rt mycket h\u00e4nger p\u00e5 f\u00f6rsta matchen mot Nederl\u00e4nderna. Jag skulle n\u00e4stan vilja ta det s\u00e5 l\u00e5ngt att vinner man den matchen s\u00e5 har man en v\u00e4ldigt fin chans att ta sig till semifinal. Men f\u00f6rlorar vi den tror jag tyv\u00e4rr att det \u00e4r k\u00f6rt.<\/p>\n<p>Martin Fr\u00e4ndesj\u00f6:<\/p>\n<p>\u2013 Jag tippar final. Sedan \u00e4r det \u00f6ppet. Jag tror Sverige vinner gruppen och undviker Danmark i en semifinal och g\u00e5r till final. Sedan ska det v\u00e4ldigt mycket till att kn\u00e4cka danskarna i den d\u00e4r boxen i Herning. Jag tycker man ska ha stor tillf\u00f6rsikt f\u00f6r det h\u00e4r m\u00e4sterskapet om man \u00e4r svensk.<\/p>\n<p>Visa mer<img alt=\"\"\/>Ljudklippet gick inte att spela upp<\/p>\n<p>F\u00f6rs\u00f6k igen senare<\/p>\n","protected":false},"excerpt":{"rendered":"Publicerad 15 jan 2026 kl 06.48Uppdaterad kl 08.47 Det blev inte som t\u00e4nkt i \u201dM\u00e4starnas m\u00e4stare\u201d. Johanna Ahlm&hellip;\n","protected":false},"author":2,"featured_media":137623,"comment_status":"","ping_status":"","sticky":false,"template":"","format":"standard","meta":{"footnotes":""},"categories":[68],"tags":[13818,7446,2255,34,3520,111,110,31,33,32,30],"class_list":{"0":"post-137622","1":"post","2":"type-post","3":"status-publish","4":"format-standard","5":"has-post-thumbnail","7":"category-sport","8":"tag-organization-handbolls-em","9":"tag-organization-sveriges-herrlandslag-i-handboll","10":"tag-organization-viaplay","11":"tag-se","12":"tag-sections-handboll","13":"tag-sport","14":"tag-sports","15":"tag-svenska","16":"tag-sverige","17":"tag-sweden","18":"tag-swedish"},"share_on_mastodon":{"url":"https:\/\/pubeurope.com\/@se\/115901505387355546","error":""},"_links":{"self":[{"href":"https:\/\/www.europesays.com\/se\/wp-json\/wp\/v2\/posts\/137622","targetHints":{"allow":["GET"]}}],"collection":[{"href":"https:\/\/www.europesays.com\/se\/wp-json\/wp\/v2\/posts"}],"about":[{"href":"https:\/\/www.europesays.com\/se\/wp-json\/wp\/v2\/types\/post"}],"author":[{"embeddable":true,"href":"https:\/\/www.europesays.com\/se\/wp-json\/wp\/v2\/users\/2"}],"replies":[{"embeddable":true,"href":"https:\/\/www.europesays.com\/se\/wp-json\/wp\/v2\/comments?post=137622"}],"version-history":[{"count":0,"href":"https:\/\/www.europesays.com\/se\/wp-json\/wp\/v2\/posts\/137622\/revisions"}],"wp:featuredmedia":[{"embeddable":true,"href":"https:\/\/www.europesays.com\/se\/wp-json\/wp\/v2\/media\/137623"}],"wp:attachment":[{"href":"https:\/\/www.europesays.com\/se\/wp-json\/wp\/v2\/media?parent=137622"}],"wp:term":[{"taxonomy":"category","embeddable":true,"href":"https:\/\/www.europesays.com\/se\/wp-json\/wp\/v2\/categories?post=137622"},{"taxonomy":"post_tag","embeddable":true,"href":"https:\/\/www.europesays.com\/se\/wp-json\/wp\/v2\/tags?post=137622"}],"curies":[{"name":"wp","href":"https:\/\/api.w.org\/{rel}","templated":true}]}}