{"id":137628,"date":"2026-01-15T22:43:21","date_gmt":"2026-01-15T22:43:21","guid":{"rendered":"https:\/\/www.europesays.com\/se\/137628\/"},"modified":"2026-01-15T22:43:21","modified_gmt":"2026-01-15T22:43:21","slug":"det-vore-oproffsigt-av-mig-nerikes-allehanda-2","status":"publish","type":"post","link":"https:\/\/www.europesays.com\/se\/137628\/","title":{"rendered":"\u201dDet vore oproffsigt av mig\u201d \u2013 Nerikes Allehanda"},"content":{"rendered":"<p>Tre spelare som \u00d6SK f\u00f6r en dialog om framtiden med har blivit tv\u00e5.<\/p>\n<p>Melvin Bajrovic \u00e4r l\u00f6st fr\u00e5n de tv\u00e5 \u00e5r han hade kvar. \u00c5terst\u00e5r Erik Andersson och Oskar K\u00e4ck.<\/p>\n<p>\u2013 Vi forts\u00e4tter att f\u00f6ra en dialog, s\u00e4ger sportchefen Enes Ahmetovic.<\/p>\n<p>Det bl\u00e5ste upp till en mindre storm runt klubben n\u00e4r det i veckan visade sig att Erik Andersson, Melvin Bajrovic och Oskar K\u00e4ck inte fullt ut deltog i tr\u00e4ningen.<\/p>\n<p>Tekniskt fel<\/p>\n<p class=\"message__text txt-ui txt-ui-2\">V\u00e4nligen f\u00f6rs\u00f6k igen senare.<\/p>\n<p>Den h\u00e4r artikeln \u00e4r bara f\u00f6r prenumeranter<\/p>\n<p class=\"txt-body txt-body-1\">Om du redan \u00e4r prenumerant: logga in!<\/p>\n","protected":false},"excerpt":{"rendered":"Tre spelare som \u00d6SK f\u00f6r en dialog om framtiden med har blivit tv\u00e5. Melvin Bajrovic \u00e4r l\u00f6st fr\u00e5n&hellip;\n","protected":false},"author":2,"featured_media":136355,"comment_status":"","ping_status":"","sticky":false,"template":"","format":"standard","meta":{"footnotes":""},"categories":[68],"tags":[34,111,110,31,33,32,30],"class_list":{"0":"post-137628","1":"post","2":"type-post","3":"status-publish","4":"format-standard","5":"has-post-thumbnail","7":"category-sport","8":"tag-se","9":"tag-sport","10":"tag-sports","11":"tag-svenska","12":"tag-sverige","13":"tag-sweden","14":"tag-swedish"},"share_on_mastodon":{"url":"https:\/\/pubeurope.com\/@se\/115901536854330772","error":""},"_links":{"self":[{"href":"https:\/\/www.europesays.com\/se\/wp-json\/wp\/v2\/posts\/137628","targetHints":{"allow":["GET"]}}],"collection":[{"href":"https:\/\/www.europesays.com\/se\/wp-json\/wp\/v2\/posts"}],"about":[{"href":"https:\/\/www.europesays.com\/se\/wp-json\/wp\/v2\/types\/post"}],"author":[{"embeddable":true,"href":"https:\/\/www.europesays.com\/se\/wp-json\/wp\/v2\/users\/2"}],"replies":[{"embeddable":true,"href":"https:\/\/www.europesays.com\/se\/wp-json\/wp\/v2\/comments?post=137628"}],"version-history":[{"count":0,"href":"https:\/\/www.europesays.com\/se\/wp-json\/wp\/v2\/posts\/137628\/revisions"}],"wp:featuredmedia":[{"embeddable":true,"href":"https:\/\/www.europesays.com\/se\/wp-json\/wp\/v2\/media\/136355"}],"wp:attachment":[{"href":"https:\/\/www.europesays.com\/se\/wp-json\/wp\/v2\/media?parent=137628"}],"wp:term":[{"taxonomy":"category","embeddable":true,"href":"https:\/\/www.europesays.com\/se\/wp-json\/wp\/v2\/categories?post=137628"},{"taxonomy":"post_tag","embeddable":true,"href":"https:\/\/www.europesays.com\/se\/wp-json\/wp\/v2\/tags?post=137628"}],"curies":[{"name":"wp","href":"https:\/\/api.w.org\/{rel}","templated":true}]}}