{"id":137631,"date":"2026-01-15T22:51:25","date_gmt":"2026-01-15T22:51:25","guid":{"rendered":"https:\/\/www.europesays.com\/se\/137631\/"},"modified":"2026-01-15T22:51:25","modified_gmt":"2026-01-15T22:51:25","slug":"jack-kopacka-bekraftar-sjalv-ser-ut-att-lamna-brynas-shl","status":"publish","type":"post","link":"https:\/\/www.europesays.com\/se\/137631\/","title":{"rendered":"Jack Kopacka bekr\u00e4ftar sj\u00e4lv: Ser ut att l\u00e4mna Bryn\u00e4s | SHL"},"content":{"rendered":"<p>Publicerad 14 jan 2026 kl 10.05Uppdaterad kl 10.54<\/p>\n<p>Allt talar f\u00f6r att Jack Kopacka kommer l\u00e4mna Bryn\u00e4s.<\/p>\n<p>Det bekr\u00e4ftar nu huvudpersonen sj\u00e4lv.<\/p>\n<p>\u2013 Jag vet att det varit mycket rykten och spekulationer om mig p\u00e5 slutet och jag vet inte var de kommer ifr\u00e5n, s\u00e4ger han till hockeysverige.se.<\/p>\n<p><img   alt=\"\"\/> <\/p>\n<p>Foto: ARON BROMAN \/ BILDBYR\u00c5N<\/p>\n<p>\u00d6ppna bild i helsk\u00e4rm<\/p>\n<p>En tre s\u00e4songer l\u00e5ng sejour i G\u00e4vle verkar ta slut f\u00f6r Jack Kopacka till v\u00e5ren.<\/p>\n<p>Nordamerikanen, som v\u00e4rvades fr\u00e5n Kristianstad och gjorde fullst\u00e4ndig succ\u00e9 under sina tv\u00e5 f\u00f6rsta \u00e5r i Bryn\u00e4s, har b\u00f6rjat blicka mot en flytt \u00f6ver Atlanten, erk\u00e4nner han.\u00a0<\/p>\n<p>\u2013 Jag har inget negativt att s\u00e4ga om Bryn\u00e4s. Jag har \u00e4lskat allting under mina \u00e5r h\u00e4r. Men n\u00e4r jag spelade i Nordamerika, innan jag kom till Sverige, h\u00e4nde en massa saker som var utanf\u00f6r min kontroll. S\u00e5 jag k\u00e4nner att jag har lite \u201dbusiness\u201d kvar hemma, s\u00e4ger han till hockeysverige.se.<\/p>\n<p><img loading=\"lazy\"   alt=\"\"\/><\/p>\n<p>Kopacka jublar med Kinnvall efter SHL-avancemanget 2024.<\/p>\n<p>Foto: JESPER ZERMAN \/ BILDBYR\u00c5N<\/p>\n<p>\u00d6ppna bild i helsk\u00e4rm<\/p>\n<p>Kopacka har under s\u00e4songen levererat fem m\u00e5l i <a href=\"https:\/\/www.expressen.se\/tagg\/organization\/shl\/\" class=\"\" rel=\"nofollow noopener\" target=\"_blank\">SHL<\/a>:s grundserie. Han har precis som Bryn\u00e4s haft det k\u00e4mpigt.<\/p>\n<p>P\u00e5 grund av sitt utg\u00e5ende avtal med G\u00e4vleklubben har det spekulerats i var Kopacka kommer spela n\u00e4sta s\u00e4song.<\/p>\n<p>\u2013 Jag vet att det varit mycket rykten och spekulationer om mig p\u00e5 slutet och jag vet inte var de kommer ifr\u00e5n, f\u00f6r om inte ens jag vet var jag ska spela s\u00e5 vet ingen annan.<\/p>\n<p>\u2013 Det jag vet \u00e4r att det finns m\u00f6jligheter d\u00e4r hemma, s\u00e5 jag kommer titta d\u00e4r f\u00f6rst. Det handlar lite om hur kontrakten funkar f\u00f6r oss nordamerikaner i Sverige efter ett visst antal \u00e5r ocks\u00e5, och det spelar ocks\u00e5 in. Men framf\u00f6r allt k\u00e4nner jag att jag har mer att utr\u00e4tta hemma i Nordamerika, s\u00e4ger han till hockeysverige.se.<\/p>\n","protected":false},"excerpt":{"rendered":"Publicerad 14 jan 2026 kl 10.05Uppdaterad kl 10.54 Allt talar f\u00f6r att Jack Kopacka kommer l\u00e4mna Bryn\u00e4s. Det&hellip;\n","protected":false},"author":2,"featured_media":137632,"comment_status":"","ping_status":"","sticky":false,"template":"","format":"standard","meta":{"footnotes":""},"categories":[68],"tags":[824,1179,34,255,823,111,110,31,33,32,30],"class_list":{"0":"post-137631","1":"post","2":"type-post","3":"status-publish","4":"format-standard","5":"has-post-thumbnail","7":"category-sport","8":"tag-organization-brynas-if","9":"tag-organization-shl","10":"tag-se","11":"tag-sections-ishockey","12":"tag-sections-shl","13":"tag-sport","14":"tag-sports","15":"tag-svenska","16":"tag-sverige","17":"tag-sweden","18":"tag-swedish"},"share_on_mastodon":{"url":"https:\/\/pubeurope.com\/@se\/115901568290609399","error":""},"_links":{"self":[{"href":"https:\/\/www.europesays.com\/se\/wp-json\/wp\/v2\/posts\/137631","targetHints":{"allow":["GET"]}}],"collection":[{"href":"https:\/\/www.europesays.com\/se\/wp-json\/wp\/v2\/posts"}],"about":[{"href":"https:\/\/www.europesays.com\/se\/wp-json\/wp\/v2\/types\/post"}],"author":[{"embeddable":true,"href":"https:\/\/www.europesays.com\/se\/wp-json\/wp\/v2\/users\/2"}],"replies":[{"embeddable":true,"href":"https:\/\/www.europesays.com\/se\/wp-json\/wp\/v2\/comments?post=137631"}],"version-history":[{"count":0,"href":"https:\/\/www.europesays.com\/se\/wp-json\/wp\/v2\/posts\/137631\/revisions"}],"wp:featuredmedia":[{"embeddable":true,"href":"https:\/\/www.europesays.com\/se\/wp-json\/wp\/v2\/media\/137632"}],"wp:attachment":[{"href":"https:\/\/www.europesays.com\/se\/wp-json\/wp\/v2\/media?parent=137631"}],"wp:term":[{"taxonomy":"category","embeddable":true,"href":"https:\/\/www.europesays.com\/se\/wp-json\/wp\/v2\/categories?post=137631"},{"taxonomy":"post_tag","embeddable":true,"href":"https:\/\/www.europesays.com\/se\/wp-json\/wp\/v2\/tags?post=137631"}],"curies":[{"name":"wp","href":"https:\/\/api.w.org\/{rel}","templated":true}]}}