{"id":137687,"date":"2026-01-16T02:11:18","date_gmt":"2026-01-16T02:11:18","guid":{"rendered":"https:\/\/www.europesays.com\/se\/137687\/"},"modified":"2026-01-16T02:11:18","modified_gmt":"2026-01-16T02:11:18","slug":"franskt-konsulat-pa-gronland-redan-i-februari-2","status":"publish","type":"post","link":"https:\/\/www.europesays.com\/se\/137687\/","title":{"rendered":"Franskt konsulat p\u00e5 Gr\u00f6nland \u2013 redan i februari"},"content":{"rendered":"<p>\u00d6ppningen \u00e4r en tydlig fransk markering mot USA:s p\u00e5tryckningar f\u00f6r att ta \u00f6ver \u00f6n.<\/p>\n<p>\u2013 Det \u00e4r en politisk signal, kopplad till en vilja att vara mer n\u00e4rvarande i Gr\u00f6nland, inklusive vetenskapligt, s\u00e4ger Barrot i fransk tv, enligt nyhetsbyr\u00e5n AFP.<\/p>\n<p>\u2013 Gr\u00f6nland vill inte \u00e4gas, styras\u00a0.\u00a0.\u00a0. eller integreras i USA. Gr\u00f6nland har valt Danmark, Nato och (europeiska) unionen, s\u00e4ger Barrot.<\/p>\n<p>L\u00f6ftet om ett konsulat togs redan i somras n\u00e4r president Emmanuel Macron bes\u00f6kte \u00f6n.<\/p>\n","protected":false},"excerpt":{"rendered":"\u00d6ppningen \u00e4r en tydlig fransk markering mot USA:s p\u00e5tryckningar f\u00f6r att ta \u00f6ver \u00f6n. \u2013 Det \u00e4r en&hellip;\n","protected":false},"author":2,"featured_media":137688,"comment_status":"","ping_status":"","sticky":false,"template":"","format":"standard","meta":{"footnotes":""},"categories":[14],"tags":[22,23,26,27,17,21,24,25,28,29,15,16,18,34,31,33,32,30,19,20,51,52,53,54],"class_list":{"0":"post-137687","1":"post","2":"type-post","3":"status-publish","4":"format-standard","5":"has-post-thumbnail","7":"category-varlden","8":"tag-breaking-news","9":"tag-breakingnews","10":"tag-featured-news","11":"tag-featurednews","12":"tag-headlines","13":"tag-huvudnyheter","14":"tag-latest-news","15":"tag-latestnews","16":"tag-main-news","17":"tag-mainnews","18":"tag-news","19":"tag-nyheter","20":"tag-rubriker","21":"tag-se","22":"tag-svenska","23":"tag-sverige","24":"tag-sweden","25":"tag-swedish","26":"tag-top-stories","27":"tag-topstories","28":"tag-varlden","29":"tag-world","30":"tag-world-news","31":"tag-worldnews"},"share_on_mastodon":{"url":"https:\/\/pubeurope.com\/@se\/115902354738619683","error":""},"_links":{"self":[{"href":"https:\/\/www.europesays.com\/se\/wp-json\/wp\/v2\/posts\/137687","targetHints":{"allow":["GET"]}}],"collection":[{"href":"https:\/\/www.europesays.com\/se\/wp-json\/wp\/v2\/posts"}],"about":[{"href":"https:\/\/www.europesays.com\/se\/wp-json\/wp\/v2\/types\/post"}],"author":[{"embeddable":true,"href":"https:\/\/www.europesays.com\/se\/wp-json\/wp\/v2\/users\/2"}],"replies":[{"embeddable":true,"href":"https:\/\/www.europesays.com\/se\/wp-json\/wp\/v2\/comments?post=137687"}],"version-history":[{"count":0,"href":"https:\/\/www.europesays.com\/se\/wp-json\/wp\/v2\/posts\/137687\/revisions"}],"wp:featuredmedia":[{"embeddable":true,"href":"https:\/\/www.europesays.com\/se\/wp-json\/wp\/v2\/media\/137688"}],"wp:attachment":[{"href":"https:\/\/www.europesays.com\/se\/wp-json\/wp\/v2\/media?parent=137687"}],"wp:term":[{"taxonomy":"category","embeddable":true,"href":"https:\/\/www.europesays.com\/se\/wp-json\/wp\/v2\/categories?post=137687"},{"taxonomy":"post_tag","embeddable":true,"href":"https:\/\/www.europesays.com\/se\/wp-json\/wp\/v2\/tags?post=137687"}],"curies":[{"name":"wp","href":"https:\/\/api.w.org\/{rel}","templated":true}]}}