{"id":137710,"date":"2026-01-16T03:48:19","date_gmt":"2026-01-16T03:48:19","guid":{"rendered":"https:\/\/www.europesays.com\/se\/137710\/"},"modified":"2026-01-16T03:48:19","modified_gmt":"2026-01-16T03:48:19","slug":"vita-huset-iran-stoppade-800-avrattningar-2","status":"publish","type":"post","link":"https:\/\/www.europesays.com\/se\/137710\/","title":{"rendered":"Vita huset: Iran stoppade 800 avr\u00e4ttningar"},"content":{"rendered":"<p>I sista sekund ska Irans grannar i Mellan\u00f6stern ha f\u00e5tt president Trump att t\u00e4nka om.Trumps allierade Benjamin Netanyahu l\u00e5g enligt k\u00e4llor till The New York Times p\u00e5 f\u00f6r att avstyra en attack. Han uppges ha ringt Trump kort f\u00f6re det att Trump sade att han hade f\u00e5tt information fr\u00e5n \u201dmycket viktiga k\u00e4llor p\u00e5 andra sidan\u201d att Iran inte skulle d\u00f6da demonstranter.Ocks\u00e5 Sa<\/p>\n","protected":false},"excerpt":{"rendered":"I sista sekund ska Irans grannar i Mellan\u00f6stern ha f\u00e5tt president Trump att t\u00e4nka om.Trumps allierade Benjamin Netanyahu&hellip;\n","protected":false},"author":2,"featured_media":137181,"comment_status":"","ping_status":"","sticky":false,"template":"","format":"standard","meta":{"footnotes":""},"categories":[14],"tags":[22,23,26,27,17,21,24,25,28,29,15,16,18,34,31,33,32,30,19,20,51,52,53,54],"class_list":{"0":"post-137710","1":"post","2":"type-post","3":"status-publish","4":"format-standard","5":"has-post-thumbnail","7":"category-varlden","8":"tag-breaking-news","9":"tag-breakingnews","10":"tag-featured-news","11":"tag-featurednews","12":"tag-headlines","13":"tag-huvudnyheter","14":"tag-latest-news","15":"tag-latestnews","16":"tag-main-news","17":"tag-mainnews","18":"tag-news","19":"tag-nyheter","20":"tag-rubriker","21":"tag-se","22":"tag-svenska","23":"tag-sverige","24":"tag-sweden","25":"tag-swedish","26":"tag-top-stories","27":"tag-topstories","28":"tag-varlden","29":"tag-world","30":"tag-world-news","31":"tag-worldnews"},"share_on_mastodon":{"url":"https:\/\/pubeurope.com\/@se\/115902736165575083","error":""},"_links":{"self":[{"href":"https:\/\/www.europesays.com\/se\/wp-json\/wp\/v2\/posts\/137710","targetHints":{"allow":["GET"]}}],"collection":[{"href":"https:\/\/www.europesays.com\/se\/wp-json\/wp\/v2\/posts"}],"about":[{"href":"https:\/\/www.europesays.com\/se\/wp-json\/wp\/v2\/types\/post"}],"author":[{"embeddable":true,"href":"https:\/\/www.europesays.com\/se\/wp-json\/wp\/v2\/users\/2"}],"replies":[{"embeddable":true,"href":"https:\/\/www.europesays.com\/se\/wp-json\/wp\/v2\/comments?post=137710"}],"version-history":[{"count":0,"href":"https:\/\/www.europesays.com\/se\/wp-json\/wp\/v2\/posts\/137710\/revisions"}],"wp:featuredmedia":[{"embeddable":true,"href":"https:\/\/www.europesays.com\/se\/wp-json\/wp\/v2\/media\/137181"}],"wp:attachment":[{"href":"https:\/\/www.europesays.com\/se\/wp-json\/wp\/v2\/media?parent=137710"}],"wp:term":[{"taxonomy":"category","embeddable":true,"href":"https:\/\/www.europesays.com\/se\/wp-json\/wp\/v2\/categories?post=137710"},{"taxonomy":"post_tag","embeddable":true,"href":"https:\/\/www.europesays.com\/se\/wp-json\/wp\/v2\/tags?post=137710"}],"curies":[{"name":"wp","href":"https:\/\/api.w.org\/{rel}","templated":true}]}}