{"id":137711,"date":"2026-01-16T04:08:14","date_gmt":"2026-01-16T04:08:14","guid":{"rendered":"https:\/\/www.europesays.com\/se\/137711\/"},"modified":"2026-01-16T04:08:14","modified_gmt":"2026-01-16T04:08:14","slug":"ty-rattie-och-lhc-gar-skilda-vagar","status":"publish","type":"post","link":"https:\/\/www.europesays.com\/se\/137711\/","title":{"rendered":"Ty Rattie och LHC g\u00e5r skilda v\u00e4gar"},"content":{"rendered":"<p class=\"article-intro\" data-v-7040d6fb=\"\">Den 32-\u00e5riga forwarden Ty Rattie och Link\u00f6ping Hockey Club har \u00f6msesidigt kommit \u00f6verens om att g\u00e5 skilda v\u00e4gar. Rattie kommer att forts\u00e4tta s\u00e4songen i schweiziska klubben Fribourg-Gott\u00e9ron.<\/p>\n<p class=\"paragraph text-left\"> Ty Rattie ansl\u00f6t till Link\u00f6ping Hockey Club fr\u00e5n Timr\u00e5 inf\u00f6r s\u00e4songen 2022\/2023. Ty har p\u00e5 m\u00e5nga s\u00e4tt varit en viktig spelare f\u00f6r klubben under sina tre och ett halvt \u00e5r h\u00e4r d\u00e5 han under sina 190 matcher f\u00f6r LHC noterats f\u00f6r 127 po\u00e4ng, vilket placerar honom p\u00e5 35:e plats i klubbens po\u00e4ngliga genom tiderna. Nu st\u00e5r det klart att kanadensaren l\u00e4mnar LHC och hans nya klubbadress blir den schweiziska klubben Fribourg-Gott\u00e9ron. <\/p>\n<p class=\"paragraph text-left\"> \u2013 Jag vill rikta ett stort tack till fansen och staden Link\u00f6ping som har betytt v\u00e4ldigt mycket f\u00f6r mig. Min fru och jag har verkligen trivts enormt bra med att bo h\u00e4r i staden. Jag vill tacka alla mina lagkamrater och \u00f6nskar inget annat \u00e4n det allra b\u00e4sta f\u00f6r LHC och klubbens framtid, s\u00e4ger Ty Rattie. <\/p>\n<p class=\"paragraph text-left\"> \u00a0 <\/p>\n<p class=\"paragraph text-left\"> Herrlagets sportchef Peter Jakobsson kommenterar enligt f\u00f6ljande: <\/p>\n<p class=\"paragraph text-left\"> \u2013\u00a0 Det \u00e4r naturligtvis ett tr\u00e5kigt beslut, men vi har haft en \u00f6msesidig dialog och kommit fram till att detta \u00e4r det b\u00e4sta f\u00f6r b\u00e5da parter. Ty \u00e4r en spelare som vill spela h\u00f6gre upp i hierarkin, och i nul\u00e4get kan vi inte erbjuda honom den m\u00f6jligheten. Och s\u00e5 har situationen sett ut under en l\u00e4ngre period, detta \u00e4r d\u00e4rf\u00f6r den b\u00e4sta l\u00f6sningen f\u00f6r b\u00e5da parter. Vi vill tacka Ty p\u00e5 ett mycket respektfullt s\u00e4tt: han har upptr\u00e4tt exemplariskt och varit professionell hela v\u00e4gen. Han har betytt mycket och bidragit stort till Link\u00f6ping Hockey Club genom \u00e5ren. Vi vill rikta ett stort tack till Ty och \u00f6nska honom lycka till i sin framtida hockeykarri\u00e4r. <\/p>\n<p class=\"author-title\" data-v-273e0516=\"\">Kommunikat\u00f6r Samuel Zurawski<\/p>\n","protected":false},"excerpt":{"rendered":"Den 32-\u00e5riga forwarden Ty Rattie och Link\u00f6ping Hockey Club har \u00f6msesidigt kommit \u00f6verens om att g\u00e5 skilda v\u00e4gar.&hellip;\n","protected":false},"author":2,"featured_media":137712,"comment_status":"","ping_status":"","sticky":false,"template":"","format":"standard","meta":{"footnotes":""},"categories":[68],"tags":[34,111,110,31,33,32,30],"class_list":{"0":"post-137711","1":"post","2":"type-post","3":"status-publish","4":"format-standard","5":"has-post-thumbnail","7":"category-sport","8":"tag-se","9":"tag-sport","10":"tag-sports","11":"tag-svenska","12":"tag-sverige","13":"tag-sweden","14":"tag-swedish"},"share_on_mastodon":{"url":"https:\/\/pubeurope.com\/@se\/115902814757334752","error":""},"_links":{"self":[{"href":"https:\/\/www.europesays.com\/se\/wp-json\/wp\/v2\/posts\/137711","targetHints":{"allow":["GET"]}}],"collection":[{"href":"https:\/\/www.europesays.com\/se\/wp-json\/wp\/v2\/posts"}],"about":[{"href":"https:\/\/www.europesays.com\/se\/wp-json\/wp\/v2\/types\/post"}],"author":[{"embeddable":true,"href":"https:\/\/www.europesays.com\/se\/wp-json\/wp\/v2\/users\/2"}],"replies":[{"embeddable":true,"href":"https:\/\/www.europesays.com\/se\/wp-json\/wp\/v2\/comments?post=137711"}],"version-history":[{"count":0,"href":"https:\/\/www.europesays.com\/se\/wp-json\/wp\/v2\/posts\/137711\/revisions"}],"wp:featuredmedia":[{"embeddable":true,"href":"https:\/\/www.europesays.com\/se\/wp-json\/wp\/v2\/media\/137712"}],"wp:attachment":[{"href":"https:\/\/www.europesays.com\/se\/wp-json\/wp\/v2\/media?parent=137711"}],"wp:term":[{"taxonomy":"category","embeddable":true,"href":"https:\/\/www.europesays.com\/se\/wp-json\/wp\/v2\/categories?post=137711"},{"taxonomy":"post_tag","embeddable":true,"href":"https:\/\/www.europesays.com\/se\/wp-json\/wp\/v2\/tags?post=137711"}],"curies":[{"name":"wp","href":"https:\/\/api.w.org\/{rel}","templated":true}]}}