{"id":137713,"date":"2026-01-16T04:14:08","date_gmt":"2026-01-16T04:14:08","guid":{"rendered":"https:\/\/www.europesays.com\/se\/137713\/"},"modified":"2026-01-16T04:14:08","modified_gmt":"2026-01-16T04:14:08","slug":"lokke-det-har-kan-bli-riktigt-jobbigt-vasterbottens-kuriren","status":"publish","type":"post","link":"https:\/\/www.europesays.com\/se\/137713\/","title":{"rendered":"L\u00f8kke: Det h\u00e4r kan bli riktigt jobbigt &#8211; V\u00e4sterbottens-Kuriren"},"content":{"rendered":"<ol>\n<li><a href=\"https:\/\/news.google.com\/rss\/articles\/CBMie0FVX3lxTE95MGlTLXh0V0RoVTFkeGVHM0N4RXdEZ1k4dFE0bVpVeFhpRGYyYThqTDhvU2x1R1M0RFJxWkFFcWhlMmRac1ZPNzZtei1wZW43Vk1XbV9fVlJLVGZRUHBEWlNXNEZjN2NwQ0RrLUx5c1d1cmE5SHJBUFRlWQ?oc=5\" target=\"_blank\" rel=\"nofollow noopener\">L\u00f8kke: Det h\u00e4r kan bli riktigt jobbigt<\/a>&nbsp;&nbsp;V\u00e4sterbottens-Kuriren<\/li>\n<li><a href=\"https:\/\/news.google.com\/rss\/articles\/CBMilwFBVV95cUxNXzFaaTZGbTc2aTFnSVE0QzQtLUtTblNOT3gybFd6dTJFd0F3SXNSMTdlUWtUZDBkVjdpZ0xod1ZqTHpaaE9Odm4wUElTVVpicnp0dDZwRFI2dEpLTnZLdnRwbUpMUjN6OHNLalVRVUVlTGxFU2J3REhGVG9ZZGdkc2ZnbTd3d2p5SEVyNlNlbGFNR294dWtZ?oc=5\" target=\"_blank\" rel=\"nofollow noopener\">Raseri mot Vita huset: Inte s\u00e4rskilt h\u00f6g trov\u00e4rdighet<\/a>&nbsp;&nbsp;Aftonbladet<\/li>\n<li><a href=\"https:\/\/news.google.com\/rss\/articles\/CBMiiAFBVV95cUxPZTEyV2h3R0dRbUhUaENmdU1PME1qMXFBVEdRWndCRmZBOWhMVFBOWUduWE1iUUtFaTM1TVFCWTNYMzRBbTJCZkxHa3NQcGdJeDgyeC1PZ1hrREhOd2NXY1FBZWxVX1Y1YVRQX252WjY0YU9naUF3TGF2MTNoWUhHenZ2Q3BYOUQt?oc=5\" target=\"_blank\" rel=\"nofollow noopener\">Efter toppm\u00f6tet om Gr\u00f6nland: USA kan h\u00f6ja tonen<\/a>&nbsp;&nbsp;SVT Nyheter<\/li>\n<li><a href=\"https:\/\/news.google.com\/rss\/articles\/CBMirgFBVV95cUxOVHhLNjNxbVhaSHFRUkxTS3ltc1BmY2I1TXNXREROQUtfZDdLeHU1cFBrR25aVDZSU3ZLUFNpZTVQWC0yN181eTVYMUF3MHJYcm5HWVJzQWxDUnpmcUV4ZzZHTVVZWUpQejJ3NzFwcnpNUDZibW0yRkpNSGZDa3FfRW1Ya3RuYmNWTV9IZ2xnb29wQXM1M1BYcjdZZkNEdjJycHVxYVVlU2NNc2dFRXc?oc=5\" target=\"_blank\" rel=\"nofollow noopener\">\u201dParty animal\u201d sprang ut \u2013 f\u00f6r att t\u00e4nda en cigg<\/a>&nbsp;&nbsp;SvD<\/li>\n<li><a href=\"https:\/\/news.google.com\/rss\/articles\/CBMimgFBVV95cUxPb2hWMklNZDdndmJiLTlvM2o4QkJDaVg2a3YzQUNEdGtuU2ptOHo1ZDVfbU5aelJGeHVQYm9wR2pzVXd3ZFpOZjg0TU1wVEdSOHJWZ0lldHR1Y3M5SXN6OTlraFdWeFpnVndOSlJmalllRkZjaXBtUS1UODVQWHJlSkNUV3hfYVBLLU9NUmppOTZiMjg0QmphWXp3?oc=5\" target=\"_blank\" rel=\"nofollow noopener\">Interna hotet mot Trump \u2013 lovar att stoppa honom: \u201dDet blir slutet&#8221;<\/a>&nbsp;&nbsp;Expressen<\/li>\n<\/ol>\n","protected":false},"excerpt":{"rendered":"L\u00f8kke: Det h\u00e4r kan bli riktigt jobbigt&nbsp;&nbsp;V\u00e4sterbottens-Kuriren Raseri mot Vita huset: Inte s\u00e4rskilt h\u00f6g trov\u00e4rdighet&nbsp;&nbsp;Aftonbladet Efter toppm\u00f6tet om&hellip;\n","protected":false},"author":2,"featured_media":137714,"comment_status":"","ping_status":"","sticky":false,"template":"","format":"standard","meta":{"footnotes":""},"categories":[5],"tags":[22,23,26,27,17,21,24,25,28,29,15,16,18,34,31,33,32,30,19,20],"class_list":{"0":"post-137713","1":"post","2":"type-post","3":"status-publish","4":"format-standard","5":"has-post-thumbnail","7":"category-rubriker","8":"tag-breaking-news","9":"tag-breakingnews","10":"tag-featured-news","11":"tag-featurednews","12":"tag-headlines","13":"tag-huvudnyheter","14":"tag-latest-news","15":"tag-latestnews","16":"tag-main-news","17":"tag-mainnews","18":"tag-news","19":"tag-nyheter","20":"tag-rubriker","21":"tag-se","22":"tag-svenska","23":"tag-sverige","24":"tag-sweden","25":"tag-swedish","26":"tag-top-stories","27":"tag-topstories"},"share_on_mastodon":{"url":"https:\/\/pubeurope.com\/@se\/115902838388420808","error":""},"_links":{"self":[{"href":"https:\/\/www.europesays.com\/se\/wp-json\/wp\/v2\/posts\/137713","targetHints":{"allow":["GET"]}}],"collection":[{"href":"https:\/\/www.europesays.com\/se\/wp-json\/wp\/v2\/posts"}],"about":[{"href":"https:\/\/www.europesays.com\/se\/wp-json\/wp\/v2\/types\/post"}],"author":[{"embeddable":true,"href":"https:\/\/www.europesays.com\/se\/wp-json\/wp\/v2\/users\/2"}],"replies":[{"embeddable":true,"href":"https:\/\/www.europesays.com\/se\/wp-json\/wp\/v2\/comments?post=137713"}],"version-history":[{"count":0,"href":"https:\/\/www.europesays.com\/se\/wp-json\/wp\/v2\/posts\/137713\/revisions"}],"wp:featuredmedia":[{"embeddable":true,"href":"https:\/\/www.europesays.com\/se\/wp-json\/wp\/v2\/media\/137714"}],"wp:attachment":[{"href":"https:\/\/www.europesays.com\/se\/wp-json\/wp\/v2\/media?parent=137713"}],"wp:term":[{"taxonomy":"category","embeddable":true,"href":"https:\/\/www.europesays.com\/se\/wp-json\/wp\/v2\/categories?post=137713"},{"taxonomy":"post_tag","embeddable":true,"href":"https:\/\/www.europesays.com\/se\/wp-json\/wp\/v2\/tags?post=137713"}],"curies":[{"name":"wp","href":"https:\/\/api.w.org\/{rel}","templated":true}]}}