{"id":137720,"date":"2026-01-16T04:41:08","date_gmt":"2026-01-16T04:41:08","guid":{"rendered":"https:\/\/www.europesays.com\/se\/137720\/"},"modified":"2026-01-16T04:41:08","modified_gmt":"2026-01-16T04:41:08","slug":"fetman-okar-i-finland-kan-halsoskatt-och-reklamforbud-vanda-utvecklingen-inrikes","status":"publish","type":"post","link":"https:\/\/www.europesays.com\/se\/137720\/","title":{"rendered":"Fetman \u00f6kar i Finland \u2013 kan h\u00e4lsoskatt och reklamf\u00f6rbud v\u00e4nda utvecklingen? | Inrikes"},"content":{"rendered":"<ul class=\"aw-1jjocuh iJTSwP yle__article__list yle__article__list--ul\">\n<li class=\"aw-1j7gwms gNYKfi\">Andelen finl\u00e4ndare med fetma f\u00f6rv\u00e4ntas forts\u00e4tta \u00f6ka.<\/li>\n<li class=\"aw-1j7gwms gNYKfi\">Experter f\u00f6resl\u00e5r en bred h\u00e4lsoskatt p\u00e5 oh\u00e4lsosam mat och begr\u00e4nsningar i reklam som riktar sig till barn och unga, samt satsningar p\u00e5 b\u00e4ttre v\u00e5rd.<\/li>\n<li class=\"aw-1j7gwms gNYKfi\">Livsmedelsindustrin \u00e4r kritisk till mer reglering.<\/li>\n<\/ul>\n<p class=\"aw-1gybjub aw-1p7kakr kEtdKx cEmitX yle__article__paragraph\">Allt fler finl\u00e4ndare har fetma. Andelen f\u00f6rv\u00e4ntas stiga fr\u00e5n nuvarande knappt 30 procent till 40 procent \u00e5r 2035, enligt V\u00e4rldsh\u00e4lsoorganisationen WHO:s bed\u00f6mning.<\/p>\n<p class=\"aw-1gybjub aw-1p7kakr kEtdKx cEmitX yle__article__paragraph\">\u00d6kningen \u00e4r inte helt j\u00e4mn n\u00e4r man tittar regionalt, men den l\u00e5ngvariga trenden \u00e4r klar.<\/p>\n<p class=\"aw-1gybjub aw-1p7kakr kEtdKx cEmitX yle__article__paragraph\">Samtidigt har andelen med sv\u00e5r fetma mer \u00e4n f\u00f6rdubblats sedan millennieskiftet, fr\u00e5n 4 till 10 procent bland m\u00e4n och fr\u00e5n 6 till 13 procent bland kvinnor.<\/p>\n<p class=\"aw-1gybjub aw-1p7kakr kEtdKx cEmitX yle__article__paragraph\">Kartorna visar andelen personer med fetma i v\u00e4lf\u00e4rdsomr\u00e5dena under \u00e5ren 2020, 2022 och 2024. Ju r\u00f6dare omr\u00e5det \u00e4r, desto st\u00f6rre andel har fetma.<\/p>\n<p>L\u00e4kare f\u00f6respr\u00e5kar nationellt program mot fetma<\/p>\n<p class=\"aw-1gybjub aw-1p7kakr kEtdKx cEmitX yle__article__paragraph\"><strong class=\"aw-ak79eh KyCXm yle__article__strong\">Pia Pajunen<\/strong> som \u00e4r specialistl\u00e4kare vid Folkpensionsanstalten (FPA) och docent i folkh\u00e4lsovetenskap efterlyser nu ett nationellt program f\u00f6r att bek\u00e4mpa fetman.<\/p>\n<p class=\"aw-1gybjub aw-1p7kakr kEtdKx cEmitX yle__article__paragraph\">\u2013 Vi beh\u00f6ver b\u00e5de f\u00f6rebyggande \u00e5tg\u00e4rder och b\u00e4ttre v\u00e5rd, och de utesluter inte varandra, s\u00e4ger hon.<\/p>\n<p class=\"aw-1gybjub aw-1p7kakr kEtdKx cEmitX yle__article__paragraph\">Hon vill till exempel att politiker i Finland \u00f6verv\u00e4ger att begr\u00e4nsa marknadsf\u00f6ringen av snabbmat riktad till barn och unga, i stil med de regler Storbritannien <a class=\"aw-iao6s4 iHOxEa yle__article__link\" href=\"https:\/\/www.bbc.com\/news\/articles\/cq5y2vzlyldo\" role=\"link\" rel=\"nofollow noopener\" target=\"_blank\">inf\u00f6rde i b\u00f6rjan av januari i \u00e5r<\/a>.<\/p>\n<p class=\"aw-1gybjub aw-1p7kakr kEtdKx cEmitX yle__article__paragraph\">I Storbritannien f\u00f6rbj\u00f6ds reklam f\u00f6r oh\u00e4lsosam mat och dryck p\u00e5 tv f\u00f6re klockan 21, och p\u00e5 n\u00e4tet f\u00f6rbj\u00f6ds den helt.<\/p>\n<p><img decoding=\"async\" alt=\"Portr\u00e4tt av Pia Pajunen.\" src=\"https:\/\/www.europesays.com\/se\/wp-content\/uploads\/2026\/01\/39-13614716707ba8ec5319.jpeg\" loading=\"lazy\" class=\"aw-1l9m598 hKVVvP\"\/><\/p>\n<p>\u00d6ppna bildvisare<\/p>\n<p>Pia Pajunen vill se en bra helhetsl\u00f6sning.<\/p>\n<p>F\u00f6rebyggande ger b\u00e4ttre liv och billigare v\u00e5rd<\/p>\n<ul class=\"aw-1jjocuh iJTSwP yle__article__list yle__article__list--ul\">\n<li class=\"aw-1j7gwms gNYKfi\">Fetma \u00f6kar markant risken f\u00f6r hj\u00e4rt- och k\u00e4rlsjukdomar, typ 2-diabetes och h\u00f6gt blodtryck. Det beror p\u00e5 att fettet ofta lagras p\u00e5 skadliga st\u00e4llen i kroppen, runt inre organ och blodk\u00e4rl. Det h\u00e4r fettet p\u00e5verkar kroppens \u00e4mnesoms\u00e4ttning och kan leda till h\u00e4lsoproblem.<\/li>\n<li class=\"aw-1j7gwms gNYKfi\">Fetmarelaterade sjukdomar i Finland uppskattas redan i dag kosta samh\u00e4llet 3,5 miljarder euro om \u00e5ret.<\/li>\n<li class=\"aw-1j7gwms gNYKfi\">Satsningar p\u00e5 f\u00f6rebyggande \u00e5tg\u00e4rder skulle spara pengar, \u00f6ka antalet levnads\u00e5r och minska de allvarliga h\u00e4lsoskadorna.<\/li>\n<li class=\"aw-1j7gwms gNYKfi\">\u00d6verviktsl\u00e4kemedel kan minska fetmaproblemet i viss m\u00e5n, men de \u00e4r relativt dyra och kan ha biverkningar. Dessutom kr\u00e4ver de livsl\u00e5ng behandling. D\u00e4rf\u00f6r \u00e4r det betydligt mer kostnadseffektivt att f\u00f6rebygga fetma \u00e4n att behandla den, p\u00e5pekar experter.<\/li>\n<\/ul>\n<p class=\"aw-1gybjub aw-1p7kakr kEtdKx cEmitX yle__article__paragraph\">Pajunen anser ocks\u00e5 att det beh\u00f6vs en b\u00e4ttre samordning av fetmav\u00e5rden p\u00e5 nationell niv\u00e5. V\u00e5rden \u00e4r ganska splittrad i dag och det finns inte tillr\u00e4ckligt med resurser f\u00f6r den \u00f6verallt i landet.<\/p>\n<p class=\"aw-1gybjub aw-1p7kakr kEtdKx cEmitX yle__article__paragraph\">\u2013 V\u00e5rdkedjor, prevention och v\u00e5rdstrukturer borde koordineras och utvecklas nationellt, s\u00e5 att vetenskapligt bepr\u00f6vade metoder sprids s\u00e5 brett som m\u00f6jligt, s\u00e4ger hon.<\/p>\n<p class=\"aw-1gybjub aw-1p7kakr kEtdKx cEmitX yle__article__paragraph\">Hon understryker att fetma \u00e4r en l\u00e5ngvarig sjukdom som ska behandlas som s\u00e5dan.<\/p>\n<p>Samh\u00e4lleliga orsaker bakom \u00f6kningen<\/p>\n<p class=\"aw-1gybjub aw-1p7kakr kEtdKx cEmitX yle__article__paragraph\">Bakom det \u00f6kade fetmaproblemet ligger samh\u00e4lleliga f\u00f6r\u00e4ndringar som g\u00f6r det sv\u00e5rare att h\u00e5lla vikten i schack. Matmilj\u00f6n har f\u00f6r\u00e4ndrats s\u00e5 att det har blivit enklare att f\u00e5 i sig kalorier \u00e4n att f\u00f6rbr\u00e4nna dem.<\/p>\n<p class=\"aw-1gybjub aw-1p7kakr kEtdKx cEmitX yle__article__paragraph\">\u2013 N\u00e4rbutikerna \u00e4r fyllda med godsaker och oh\u00e4lsosam mat marknadsf\u00f6rs aktivt, s\u00e4ger Pia Pajunen.<\/p>\n<p class=\"aw-1gybjub aw-1p7kakr kEtdKx cEmitX yle__article__paragraph\">Det har dessutom blivit vanligare att best\u00e4lla hem mat, och den \u00e4r ofta energirik.<\/p>\n<p>En bred h\u00e4lsoskatt?<\/p>\n<p class=\"aw-1gybjub aw-1p7kakr kEtdKx cEmitX yle__article__paragraph\"><strong class=\"aw-ak79eh KyCXm yle__article__strong\">Mika Salminen<\/strong>, generaldirekt\u00f6r p\u00e5 Institutet f\u00f6r h\u00e4lsa och v\u00e4lf\u00e4rd (THL), konstaterar att den energi vi f\u00e5r i oss via maten har mycket st\u00f6rre betydelse \u00e4n hur mycket eller lite vi r\u00f6r p\u00e5 oss.<\/p>\n<p class=\"aw-1gybjub aw-1p7kakr kEtdKx cEmitX yle__article__paragraph\">Han anser d\u00e4rf\u00f6r att det skulle vara viktigt att s\u00e4nka priset p\u00e5 h\u00e4lsosammare livsmedel, n\u00e5got han har kallat h\u00e4lsoskatt.<\/p>\n<p class=\"aw-1gybjub aw-1p7kakr kEtdKx cEmitX yle__article__paragraph\">Regeringen f\u00f6rs\u00f6kte tidigare h\u00f6ja merv\u00e4rdesskatten p\u00e5 s\u00f6tsaker och choklad, men backade efter kritik. Enligt Salminen var f\u00f6rs\u00f6ket ett steg i r\u00e4tt riktning, men otillr\u00e4ckligt.<\/p>\n<p class=\"aw-1gybjub aw-1p7kakr kEtdKx cEmitX yle__article__paragraph\">\u2013 Jag kan f\u00f6rst\u00e5 att industrin ans\u00e5g skatten vara or\u00e4ttvis eftersom den bara tacklar en liten del av problemet. Man borde ta en mycket bredare st\u00e4llning till hela saken och titta p\u00e5 hela livsmedelssortimentet, s\u00e4ger han.<\/p>\n<p><img decoding=\"async\" alt=\"Mika Salminen tittar in i kameran.\" src=\"https:\/\/www.europesays.com\/se\/wp-content\/uploads\/2026\/01\/39-1554930691afe198b19d.jpeg\" loading=\"lazy\" class=\"aw-1l9m598 hKVVvP\"\/><\/p>\n<p>\u00d6ppna bildvisare<\/p>\n<p>Mika Salminen talar f\u00f6r att h\u00e4lsosammare livsmedel borde f\u00e5 lindrigare beskattning. Bild: Henrietta Hassinen \/ Yle<\/p>\n<p class=\"aw-1gybjub aw-1p7kakr kEtdKx cEmitX yle__article__paragraph\">Salminen f\u00f6resl\u00e5r beskattning baserad p\u00e5 sockerhalt, salthalt, totalt energiinneh\u00e5ll och m\u00e4ttade fetter. Gr\u00f6nsaker och frukt skulle f\u00e5 nollskatt, medan starkt processerade produkter skulle beskattas h\u00e5rdast.<\/p>\n<p class=\"aw-1gybjub aw-1p7kakr kEtdKx cEmitX yle__article__paragraph\">\u2013 Data finns redan hos b\u00e5de producenter och THL. Det \u00e4r inte sv\u00e5rt att inf\u00f6ra, s\u00e4ger han.<\/p>\n<p class=\"aw-1gybjub aw-1p7kakr kEtdKx cEmitX yle__article__paragraph\">Han till\u00e4gger att systemet samtidigt skulle ge livsmedelsindustrin drivkraft att utveckla h\u00e4lsosammare produkter.<\/p>\n<p class=\"aw-1gybjub aw-1p7kakr kEtdKx cEmitX yle__article__paragraph\">\u2013 Det h\u00e4r \u00e4r p\u00e5 m\u00e5nga s\u00e4tt en win-win-win-situation om man skulle kunna inf\u00f6ra det h\u00e4r, s\u00e4ger Salminen.<\/p>\n<p class=\"aw-1gybjub aw-1p7kakr kEtdKx cEmitX yle__article__paragraph\">Inget land har \u00e4nnu inf\u00f6rt en bred h\u00e4lsoskatt p\u00e5 livsmedel. Enligt Salminen skulle Finland d\u00e4rf\u00f6r kunna bli f\u00f6reg\u00e5ngare.<\/p>\n<p>H\u00f6gre skatt p\u00e5 sockriga drycker och alkohol<\/p>\n<p class=\"aw-1gybjub aw-1p7kakr kEtdKx cEmitX yle__article__paragraph\">V\u00e4rldsh\u00e4lsoorganisationen WHO har ocks\u00e5 den h\u00e4r veckan n\u00e4mnt att forskning visar att det skulle vara bra <a class=\"aw-iao6s4 iHOxEa yle__article__link\" href=\"https:\/\/www.who.int\/news\/item\/13-01-2026-cheaper-drinks-will-see-a-rise-in-noncommunicable-diseases-and-injuries\" role=\"link\" rel=\"nofollow noopener\" target=\"_blank\">att h\u00f6ja skatten p\u00e5 vissa livsmedel<\/a>, f\u00f6r att fr\u00e4mja h\u00e4lsan.<\/p>\n<p class=\"aw-1gybjub aw-1p7kakr kEtdKx cEmitX yle__article__paragraph\">WHO syftar till exempel p\u00e5 sockerrika drycker och alkoholdrycker, vilka har blivit billigare i m\u00e5nga l\u00e4nder.<\/p>\n<p class=\"aw-1gybjub aw-1p7kakr kEtdKx cEmitX yle__article__paragraph\">I Finland f\u00f6rnyas \u00e4nd\u00e5 skatten p\u00e5 l\u00e4skedrycker i april 2026, s\u00e5 att en drycks skatt baserar sig p\u00e5 hur mycket socker den inneh\u00e5ller. Ju mer socker, desto h\u00f6gre skatt.<\/p>\n<p class=\"aw-1gybjub aw-1p7kakr kEtdKx cEmitX yle__article__paragraph\">Skatten p\u00e5 alkoholdrycker h\u00f6jdes ocks\u00e5 en aning vid \u00e5rsskiftet.<\/p>\n<p>\u201dKonsumenten g\u00e5r inte \u00f6ver till mor\u00f6tter\u201d<\/p>\n<p class=\"aw-1gybjub aw-1p7kakr kEtdKx cEmitX yle__article__paragraph\"><strong class=\"aw-ak79eh KyCXm yle__article__strong\">Marleena Tanhuanp\u00e4\u00e4<\/strong> som \u00e4r direkt\u00f6r p\u00e5 Livsmedelsindustrif\u00f6rbundet \u00e4r \u00e4nd\u00e5 kritisk till planerna p\u00e5 en bred h\u00e4lsoskatt.<\/p>\n<p class=\"aw-1gybjub aw-1p7kakr kEtdKx cEmitX yle__article__paragraph\">\u2013 En s\u00e5dan bred h\u00e4lsoskatt \u00e4r detsamma som en mycket bred livsmedelsskatt. Den skulle oundvikligen h\u00f6ja matpriserna, s\u00e4ger hon.<\/p>\n<p class=\"aw-1gybjub aw-1p7kakr kEtdKx cEmitX yle__article__paragraph\">Hon \u00e4r skeptisk till att skatten skulle p\u00e5verka konsumenternas val.<\/p>\n<p class=\"aw-1gybjub aw-1p7kakr kEtdKx cEmitX yle__article__paragraph\">\u2013 Konsumenten som t\u00e4nker k\u00f6pa kex kommer att k\u00f6pa kex och v\u00e4ljer inte n\u00f6dv\u00e4ndigtvis mor\u00f6tter ist\u00e4llet f\u00f6r choklad, s\u00e4ger Tanhuanp\u00e4\u00e4.<\/p>\n<p class=\"aw-1gybjub aw-1p7kakr kEtdKx cEmitX yle__article__paragraph\">Dessutom skulle skatten kr\u00e4va enorma datasystem och ta resurser fr\u00e5n produktutveckling, s\u00e4ger hon.<\/p>\n<p class=\"aw-1gybjub aw-1p7kakr kEtdKx cEmitX yle__article__paragraph\">Tanhuanp\u00e4\u00e4 betonar att matkunskap och upplysning som uppmuntrar till h\u00e4lsosam och balanserad kost skulle vara viktigare \u00e4n skatter eller f\u00f6rbud.<\/p>\n<p class=\"aw-1gybjub aw-1p7kakr kEtdKx cEmitX yle__article__paragraph\"><strong class=\"aw-ak79eh KyCXm yle__article__strong\">Men skulle det inte vara v\u00e4rt att \u00e5tminstone pr\u00f6va en h\u00e4lsoskatt?<\/strong><\/p>\n<p class=\"aw-1gybjub aw-1p7kakr kEtdKx cEmitX yle__article__paragraph\">\u2013 Jag ser inte varf\u00f6r Finland skulle vara i framkant med att orsaka sig sj\u00e4lv och f\u00f6retagen en s\u00e5dan h\u00e4r administrativ b\u00f6rda, n\u00e4r det inte finns n\u00e5gon liknande beskattning annanstans i v\u00e4rlden, s\u00e4ger hon.<\/p>\n<p>Kritisk till reklamf\u00f6rbud<\/p>\n<p class=\"aw-1gybjub aw-1p7kakr kEtdKx cEmitX yle__article__paragraph\">Livsmedelsindustrin st\u00f6der inte heller f\u00f6rslaget om att begr\u00e4nsa marknadsf\u00f6ring av oh\u00e4lsosam mat till barn.<\/p>\n<p class=\"aw-1gybjub aw-1p7kakr kEtdKx cEmitX yle__article__paragraph\">\u2013 Finl\u00e4ndska f\u00f6retag agerar redan mycket ansvarsfullt i sin marknadsf\u00f6ring. All ytterligare reglering \u00e4r on\u00f6dig n\u00e4r vi har fungerande sj\u00e4lvreglering, s\u00e4ger Marleena Tanhuanp\u00e4\u00e4.<\/p>\n<p class=\"aw-1gybjub aw-1p7kakr kEtdKx cEmitX yle__article__paragraph\">Hon pekar p\u00e5 att industrin redan l\u00e5ter bli att rikta marknadsf\u00f6ring till barn under 13 \u00e5r.<\/p>\n<p class=\"aw-1gybjub aw-1p7kakr kEtdKx cEmitX yle__article__paragraph\">Tanhuanp\u00e4\u00e4 menar ocks\u00e5 att det finns st\u00f6rre problem att fokusera p\u00e5.<\/p>\n<p class=\"aw-1gybjub aw-1p7kakr kEtdKx cEmitX yle__article__paragraph\">\u2013 Vi borde vara mer oroade \u00f6ver om skolelever och barn \u00e4ter skolmaten, som nu alltf\u00f6r ofta f\u00f6rblir helt o\u00e4ten. Det \u00e4r en mycket st\u00f6rre utmaning i v\u00e5rt samh\u00e4lle \u00e4n om barn m\u00f6ter matreklam vid n\u00e5gon bussh\u00e5llplats, s\u00e4ger hon.<\/p>\n<p>Experterna: B\u00e4ttre att f\u00f6rebygga \u00e4n behandla<\/p>\n<p class=\"aw-1gybjub aw-1p7kakr kEtdKx cEmitX yle__article__paragraph\">B\u00e5de Pia Pajunen och Mika Salminen betonar \u00e4nd\u00e5 flera g\u00e5nger att det beh\u00f6vs satsningar p\u00e5 f\u00f6rebyggande \u00e5tg\u00e4rder f\u00f6r att f\u00e5 bukt med fetmaproblemet. Begr\u00e4nsning av reklam och h\u00e4lsoskatt \u00e4r allts\u00e5 tv\u00e5 exempel p\u00e5 s\u00e5dana \u00e5tg\u00e4rder.<\/p>\n<p class=\"aw-1gybjub aw-1p7kakr kEtdKx cEmitX yle__article__paragraph\">\u2013 Det \u00e4r b\u00e4ttre att f\u00f6rebygga \u00e4n att bara t\u00e4nka p\u00e5 att vi till exempel behandlar fetman med medicinering n\u00e4r problemet redan har uppst\u00e5tt, s\u00e4ger Salminen.<\/p>\n<p class=\"aw-1gybjub aw-1p7kakr kEtdKx cEmitX yle__article__paragraph\">Regeringen har \u00e4nnu inte tagit st\u00e4llning till de f\u00f6reslagna \u00e5tg\u00e4rderna.<\/p>\n<p class=\"aw-1gybjub aw-1p7kakr kEtdKx cEmitX yle__article__paragraph\"><strong class=\"aw-ak79eh KyCXm yle__article__strong\">Borde samh\u00e4llet st\u00f6tta m\u00e4nniskor till h\u00e4lsosammare vanor, och hur d\u00e5? Du kan svara i kommentarsf\u00e4ltet.<\/strong><\/p>\n","protected":false},"excerpt":{"rendered":"Andelen finl\u00e4ndare med fetma f\u00f6rv\u00e4ntas forts\u00e4tta \u00f6ka. Experter f\u00f6resl\u00e5r en bred h\u00e4lsoskatt p\u00e5 oh\u00e4lsosam mat och begr\u00e4nsningar i&hellip;\n","protected":false},"author":2,"featured_media":137721,"comment_status":"","ping_status":"","sticky":false,"template":"","format":"standard","meta":{"footnotes":""},"categories":[69],"tags":[3809,13820,684,113,112,683,676,626,8610,2631,13821,1683,3215,34,31,33,32,30,83],"class_list":{"0":"post-137720","1":"post","2":"type-post","3":"status-publish","4":"format-standard","5":"has-post-thumbnail","7":"category-halsa","8":"tag-beskattning","9":"tag-fetma","10":"tag-finland","11":"tag-halsa","12":"tag-health","13":"tag-inrikes","14":"tag-institutet-for-halsa-och-valfard","15":"tag-konsumtion","16":"tag-marknadsforing","17":"tag-overvikt","18":"tag-reklam-marknadsforing","19":"tag-samhalle","20":"tag-samhallet","21":"tag-se","22":"tag-svenska","23":"tag-sverige","24":"tag-sweden","25":"tag-swedish","26":"tag-vetenskap"},"share_on_mastodon":{"url":"https:\/\/pubeurope.com\/@se\/115902944582396487","error":""},"_links":{"self":[{"href":"https:\/\/www.europesays.com\/se\/wp-json\/wp\/v2\/posts\/137720","targetHints":{"allow":["GET"]}}],"collection":[{"href":"https:\/\/www.europesays.com\/se\/wp-json\/wp\/v2\/posts"}],"about":[{"href":"https:\/\/www.europesays.com\/se\/wp-json\/wp\/v2\/types\/post"}],"author":[{"embeddable":true,"href":"https:\/\/www.europesays.com\/se\/wp-json\/wp\/v2\/users\/2"}],"replies":[{"embeddable":true,"href":"https:\/\/www.europesays.com\/se\/wp-json\/wp\/v2\/comments?post=137720"}],"version-history":[{"count":0,"href":"https:\/\/www.europesays.com\/se\/wp-json\/wp\/v2\/posts\/137720\/revisions"}],"wp:featuredmedia":[{"embeddable":true,"href":"https:\/\/www.europesays.com\/se\/wp-json\/wp\/v2\/media\/137721"}],"wp:attachment":[{"href":"https:\/\/www.europesays.com\/se\/wp-json\/wp\/v2\/media?parent=137720"}],"wp:term":[{"taxonomy":"category","embeddable":true,"href":"https:\/\/www.europesays.com\/se\/wp-json\/wp\/v2\/categories?post=137720"},{"taxonomy":"post_tag","embeddable":true,"href":"https:\/\/www.europesays.com\/se\/wp-json\/wp\/v2\/tags?post=137720"}],"curies":[{"name":"wp","href":"https:\/\/api.w.org\/{rel}","templated":true}]}}