{"id":137726,"date":"2026-01-16T04:58:08","date_gmt":"2026-01-16T04:58:08","guid":{"rendered":"https:\/\/www.europesays.com\/se\/137726\/"},"modified":"2026-01-16T04:58:08","modified_gmt":"2026-01-16T04:58:08","slug":"svenske-os-malvakten-utbytt-slappte-in-sex-mal","status":"publish","type":"post","link":"https:\/\/www.europesays.com\/se\/137726\/","title":{"rendered":"Svenske OS-m\u00e5lvakten utbytt \u2013 sl\u00e4ppte in sex m\u00e5l"},"content":{"rendered":"<p class=\"sc-c25743f0-0 sc-e37c0145-2 hObFds DQgPn\">Tre m\u00e5l ramlade in i Minnesotas kasse redan i f\u00f6rsta perioden i nattens NHL-omg\u00e5ng. G\u00e4stande Winnipeg gjorde 2\u20130 och 3\u20130 med elva respektive tre sekunder kvar av perioden, och efter det hade Minnesota sv\u00e5rt att resa sig.<\/p>\n<p class=\"sc-c25743f0-0 sc-e37c0145-2 hObFds DQgPn\">Minnesotam\u00e5lvakten Jesper Wallstedt, som tagits ut till OS som b\u00f6rjar om n\u00e5gra veckor, fick en katastrofkv\u00e4ll och hade sl\u00e4ppt hela sex puckar f\u00f6rbi sig innan period tv\u00e5 var \u00f6ver.<\/p>\n<p class=\"sc-c25743f0-0 sc-e37c0145-2 hObFds DQgPn\">I den tredje perioden tog Minnesotas andra OS-aktuella m\u00e5lvakt \u2013  Filip Gustavsson \u2013 \u00f6ver, som lyckades spika igen i slutperioden.<\/p>\n<p class=\"sc-c25743f0-0 sc-e37c0145-2 hObFds DQgPn\">I samma period satte svenske Marcus Johansson ett tr\u00f6stm\u00e5l f\u00f6r Minnesota. Matchen slutade 6\u20132 till Winnipeg.<\/p>\n","protected":false},"excerpt":{"rendered":"Tre m\u00e5l ramlade in i Minnesotas kasse redan i f\u00f6rsta perioden i nattens NHL-omg\u00e5ng. G\u00e4stande Winnipeg gjorde 2\u20130&hellip;\n","protected":false},"author":2,"featured_media":137727,"comment_status":"","ping_status":"","sticky":false,"template":"","format":"standard","meta":{"footnotes":""},"categories":[68],"tags":[34,111,110,31,33,32,30],"class_list":{"0":"post-137726","1":"post","2":"type-post","3":"status-publish","4":"format-standard","5":"has-post-thumbnail","7":"category-sport","8":"tag-se","9":"tag-sport","10":"tag-sports","11":"tag-svenska","12":"tag-sverige","13":"tag-sweden","14":"tag-swedish"},"share_on_mastodon":{"url":"https:\/\/pubeurope.com\/@se\/115903011594533261","error":""},"_links":{"self":[{"href":"https:\/\/www.europesays.com\/se\/wp-json\/wp\/v2\/posts\/137726","targetHints":{"allow":["GET"]}}],"collection":[{"href":"https:\/\/www.europesays.com\/se\/wp-json\/wp\/v2\/posts"}],"about":[{"href":"https:\/\/www.europesays.com\/se\/wp-json\/wp\/v2\/types\/post"}],"author":[{"embeddable":true,"href":"https:\/\/www.europesays.com\/se\/wp-json\/wp\/v2\/users\/2"}],"replies":[{"embeddable":true,"href":"https:\/\/www.europesays.com\/se\/wp-json\/wp\/v2\/comments?post=137726"}],"version-history":[{"count":0,"href":"https:\/\/www.europesays.com\/se\/wp-json\/wp\/v2\/posts\/137726\/revisions"}],"wp:featuredmedia":[{"embeddable":true,"href":"https:\/\/www.europesays.com\/se\/wp-json\/wp\/v2\/media\/137727"}],"wp:attachment":[{"href":"https:\/\/www.europesays.com\/se\/wp-json\/wp\/v2\/media?parent=137726"}],"wp:term":[{"taxonomy":"category","embeddable":true,"href":"https:\/\/www.europesays.com\/se\/wp-json\/wp\/v2\/categories?post=137726"},{"taxonomy":"post_tag","embeddable":true,"href":"https:\/\/www.europesays.com\/se\/wp-json\/wp\/v2\/tags?post=137726"}],"curies":[{"name":"wp","href":"https:\/\/api.w.org\/{rel}","templated":true}]}}