{"id":137778,"date":"2026-01-16T06:02:08","date_gmt":"2026-01-16T06:02:08","guid":{"rendered":"https:\/\/www.europesays.com\/se\/137778\/"},"modified":"2026-01-16T06:02:08","modified_gmt":"2026-01-16T06:02:08","slug":"har-ar-skolvalen-som-leder-till-jobb-med-bra-lon-efter-examen","status":"publish","type":"post","link":"https:\/\/www.europesays.com\/se\/137778\/","title":{"rendered":"H\u00e4r \u00e4r skolvalen som leder till jobb med bra l\u00f6n efter examen"},"content":{"rendered":"<p>Publicerad 16 jan 2026 kl 05.00Uppdaterad kl 06.55<\/p>\n<p>PremiumNu ska 120 000 niondeklassare g\u00f6ra sina val till gymnasiet.<\/p>\n<p>Flest kommer att v\u00e4lja samh\u00e4lls- eller ekonomiprogrammet.<\/p>\n<p>Men Blimah Schragger satsade p\u00e5 restaurangskola.<\/p>\n<p>\u2013 Det \u00e4r m\u00e5nga som vill ha kunniga kockar och servit\u00f6rer.<\/p>\n<p> Yrkesutbildningar har l\u00e4gre status bland unga \u2013 men leder till jobb.<\/p>\n<p> Lista f\u00f6r olika program: S\u00e5 m\u00e5nga har f\u00e5tt arbete efter examen.<\/p>\n<p><img   alt=\"\"\/><\/p>\n<p>Dags f\u00f6r niondeklassarna att g\u00f6ra sina val till gymnasiet.<\/p>\n<p>Foto: JESSICA GOW \/ TT NYHETSBYR\u00c5N<\/p>\n<p>\u00d6ppna bild i helsk\u00e4rm<\/p>\n","protected":false},"excerpt":{"rendered":"Publicerad 16 jan 2026 kl 05.00Uppdaterad kl 06.55 PremiumNu ska 120 000 niondeklassare g\u00f6ra sina val till gymnasiet.&hellip;\n","protected":false},"author":2,"featured_media":137779,"comment_status":"","ping_status":"","sticky":false,"template":"","format":"standard","meta":{"footnotes":""},"categories":[65],"tags":[72,70,71,11790,13823,103,34,31,33,32,30,145,965,652],"class_list":{"0":"post-137778","1":"post","2":"type-post","3":"status-publish","4":"format-standard","5":"has-post-thumbnail","7":"category-ekonomi","8":"tag-business","9":"tag-economy","10":"tag-ekonomi","11":"tag-organization-skolverket","12":"tag-organization-svenskt-naringsliv","13":"tag-premium","14":"tag-se","15":"tag-svenska","16":"tag-sverige","17":"tag-sweden","18":"tag-swedish","19":"tag-topic-mat-dryck","20":"tag-topic-restaurang","21":"tag-topic-skola-utbildning"},"share_on_mastodon":{"url":"https:\/\/pubeurope.com\/@se\/115903263110431469","error":""},"_links":{"self":[{"href":"https:\/\/www.europesays.com\/se\/wp-json\/wp\/v2\/posts\/137778","targetHints":{"allow":["GET"]}}],"collection":[{"href":"https:\/\/www.europesays.com\/se\/wp-json\/wp\/v2\/posts"}],"about":[{"href":"https:\/\/www.europesays.com\/se\/wp-json\/wp\/v2\/types\/post"}],"author":[{"embeddable":true,"href":"https:\/\/www.europesays.com\/se\/wp-json\/wp\/v2\/users\/2"}],"replies":[{"embeddable":true,"href":"https:\/\/www.europesays.com\/se\/wp-json\/wp\/v2\/comments?post=137778"}],"version-history":[{"count":0,"href":"https:\/\/www.europesays.com\/se\/wp-json\/wp\/v2\/posts\/137778\/revisions"}],"wp:featuredmedia":[{"embeddable":true,"href":"https:\/\/www.europesays.com\/se\/wp-json\/wp\/v2\/media\/137779"}],"wp:attachment":[{"href":"https:\/\/www.europesays.com\/se\/wp-json\/wp\/v2\/media?parent=137778"}],"wp:term":[{"taxonomy":"category","embeddable":true,"href":"https:\/\/www.europesays.com\/se\/wp-json\/wp\/v2\/categories?post=137778"},{"taxonomy":"post_tag","embeddable":true,"href":"https:\/\/www.europesays.com\/se\/wp-json\/wp\/v2\/tags?post=137778"}],"curies":[{"name":"wp","href":"https:\/\/api.w.org\/{rel}","templated":true}]}}