{"id":137813,"date":"2026-01-16T07:00:05","date_gmt":"2026-01-16T07:00:05","guid":{"rendered":"https:\/\/www.europesays.com\/se\/137813\/"},"modified":"2026-01-16T07:00:05","modified_gmt":"2026-01-16T07:00:05","slug":"skarpta-krav-pa-verksamhetsutovare-nar-ny-cybersakerhetslag-borjar-galla-lansstyrelsen-2","status":"publish","type":"post","link":"https:\/\/www.europesays.com\/se\/137813\/","title":{"rendered":"Sk\u00e4rpta krav p\u00e5 verksamhetsut\u00f6vare n\u00e4r ny cybers\u00e4kerhetslag b\u00f6rjar g\u00e4lla &#8211; L\u00e4nsstyrelsen"},"content":{"rendered":"<ol>\n<li><a href=\"https:\/\/news.google.com\/rss\/articles\/CBMi_wFBVV95cUxOQ2VsVVVfVzRoeGIzRWxvZk1pVG9sd3diV25uUmNGeW1kMGFQNEJaM3pMN2R2LWZEZ3NHT085MjZCVmFnQVVzZEtHYkVySUo4eWxEazZYcG5MZkhiY19sOUdTR3FUV216Zi1lQ1ZRTGV6QkZxQkQxMnFuWmhQTFMxVGhyVURxcHoxSk93MHFvckhoNU5qSHhETEszQ2ZFeEJVRnhYaXpGckJLcWRZSkFGZFFCenUzcXVMdDRweVB6RmttN3BpanFzcHE0VUVBUjZDN1Z4SERkeUw4YThMUk5IUnYzRFdrdzQwQW5hMnNqelpsODUwVkkxY3J1TjQ2OUk?oc=5\" target=\"_blank\" rel=\"nofollow noopener\">Sk\u00e4rpta krav p\u00e5 verksamhetsut\u00f6vare n\u00e4r ny cybers\u00e4kerhetslag b\u00f6rjar g\u00e4lla<\/a>&nbsp;&nbsp;L\u00e4nsstyrelsen<\/li>\n<li><a href=\"https:\/\/news.google.com\/rss\/articles\/CBMikgFBVV95cUxPTU50ekpUNUt5bHo4bVJTQWNXYXBvN3pCbjJvRkRFeWlvd0ZRWXdLRjdaYTFoaVBnU1c0UUpQbzlJVjdtMmM3ZnN6b1NobmdPcjQzMDFrVFZEOVBHdXN2LWlEZ0hNc1RvSGxVOGQ5TVZLdzBfVkRPZVlzRXNBZllPSFdhWmdVZUVleF9pQ01aVThGZw?oc=5\" target=\"_blank\" rel=\"nofollow noopener\">Det h\u00e4r g\u00e4ller f\u00f6r nya cybers\u00e4kerhetslagen<\/a>&nbsp;&nbsp;Finansinspektionen<\/li>\n<li><a href=\"https:\/\/news.google.com\/rss\/articles\/CBMikwFBVV95cUxOVTRROWNhVmF4anhGSHRpd1ZWM1V1cFphZk1abmRMV2JFamlJd3JBNmdjM1BtMnVTYTBjYzVDNzRSZEFDaFZpcEhXbXdYZDdVRGNnc2VwYzlUYXM1N0NYN1c0MmcyaUJtcFBSbTVtYnFKUEs0a3NUM3pYbnM1R05SM3pyWGRrME9KWGlfR1Y3aEtZSEU?oc=5\" target=\"_blank\" rel=\"nofollow noopener\">Ny lag om cybers\u00e4kerhet kan st\u00e5 mindre kommuner dyrt<\/a>&nbsp;&nbsp;Sveriges Radio<\/li>\n<li><a href=\"https:\/\/news.google.com\/rss\/articles\/CBMiowFBVV95cUxOcERxSW16S0xMOUdpcG1uaEZZVUFPLXR0NHlManJBRVVXd3FwSVpEQkFQUWZaNkdBZlNBR3MtdERHNEdSdmpzb2F0dURqcHprbDB2c2dBa05YUEtzVzVLem9TMVdzZXRHWjFScDU2VjMxMzgyVDBGNXBQSGx1UHEtQzRaV19KR2JsRFU0SUoxcmtDRFdsWlI5TWJkZXE2RlVsRkF3?oc=5\" target=\"_blank\" rel=\"nofollow noopener\">Idag tr\u00e4der nya cybers\u00e4kerhetslagen i kraft \u2013 detta inneb\u00e4r den<\/a>&nbsp;&nbsp;Voister<\/li>\n<li><a href=\"https:\/\/news.google.com\/rss\/articles\/CBMikAFBVV95cUxQOTZ3VTMzMVZ2NDNQWnFnNjlZRC10aDA5YXdMQUNuMG9wVVpRY2F0WnV5akp3a3FjREk2MGlTNllzYjVBYUhTbHJEdDRlSnI0bW9rOFJkd0dESFgyWldPeVY2M3kwUVlKQ0pCZmYtc3hHRWNxYUxjcE4zdVFxRTl0cmJSN1FzVG92clZEcldMMTQ?oc=5\" target=\"_blank\" rel=\"nofollow noopener\">Nu har NIS2 blivit svensk lag<\/a>&nbsp;&nbsp;Teknikf\u00f6retagen<\/li>\n<\/ol>\n","protected":false},"excerpt":{"rendered":"Sk\u00e4rpta krav p\u00e5 verksamhetsut\u00f6vare n\u00e4r ny cybers\u00e4kerhetslag b\u00f6rjar g\u00e4lla&nbsp;&nbsp;L\u00e4nsstyrelsen Det h\u00e4r g\u00e4ller f\u00f6r nya cybers\u00e4kerhetslagen&nbsp;&nbsp;Finansinspektionen Ny lag om&hellip;\n","protected":false},"author":2,"featured_media":1096,"comment_status":"","ping_status":"","sticky":false,"template":"","format":"standard","meta":{"footnotes":""},"categories":[12],"tags":[22,23,26,27,17,21,24,25,28,29,15,16,18,34,31,33,32,30,19,20],"class_list":{"0":"post-137813","1":"post","2":"type-post","3":"status-publish","4":"format-standard","5":"has-post-thumbnail","7":"category-sverige","8":"tag-breaking-news","9":"tag-breakingnews","10":"tag-featured-news","11":"tag-featurednews","12":"tag-headlines","13":"tag-huvudnyheter","14":"tag-latest-news","15":"tag-latestnews","16":"tag-main-news","17":"tag-mainnews","18":"tag-news","19":"tag-nyheter","20":"tag-rubriker","21":"tag-se","22":"tag-svenska","23":"tag-sverige","24":"tag-sweden","25":"tag-swedish","26":"tag-top-stories","27":"tag-topstories"},"share_on_mastodon":{"url":"https:\/\/pubeurope.com\/@se\/115903491144244553","error":""},"_links":{"self":[{"href":"https:\/\/www.europesays.com\/se\/wp-json\/wp\/v2\/posts\/137813","targetHints":{"allow":["GET"]}}],"collection":[{"href":"https:\/\/www.europesays.com\/se\/wp-json\/wp\/v2\/posts"}],"about":[{"href":"https:\/\/www.europesays.com\/se\/wp-json\/wp\/v2\/types\/post"}],"author":[{"embeddable":true,"href":"https:\/\/www.europesays.com\/se\/wp-json\/wp\/v2\/users\/2"}],"replies":[{"embeddable":true,"href":"https:\/\/www.europesays.com\/se\/wp-json\/wp\/v2\/comments?post=137813"}],"version-history":[{"count":0,"href":"https:\/\/www.europesays.com\/se\/wp-json\/wp\/v2\/posts\/137813\/revisions"}],"wp:featuredmedia":[{"embeddable":true,"href":"https:\/\/www.europesays.com\/se\/wp-json\/wp\/v2\/media\/1096"}],"wp:attachment":[{"href":"https:\/\/www.europesays.com\/se\/wp-json\/wp\/v2\/media?parent=137813"}],"wp:term":[{"taxonomy":"category","embeddable":true,"href":"https:\/\/www.europesays.com\/se\/wp-json\/wp\/v2\/categories?post=137813"},{"taxonomy":"post_tag","embeddable":true,"href":"https:\/\/www.europesays.com\/se\/wp-json\/wp\/v2\/tags?post=137813"}],"curies":[{"name":"wp","href":"https:\/\/api.w.org\/{rel}","templated":true}]}}