{"id":137822,"date":"2026-01-16T07:21:10","date_gmt":"2026-01-16T07:21:10","guid":{"rendered":"https:\/\/www.europesays.com\/se\/137822\/"},"modified":"2026-01-16T07:21:10","modified_gmt":"2026-01-16T07:21:10","slug":"test-xiaomi-redmi-note-15-pro-plus-billig-och-overraskande-talig","status":"publish","type":"post","link":"https:\/\/www.europesays.com\/se\/137822\/","title":{"rendered":"Test: Xiaomi Redmi Note 15 Pro Plus \u2013 billig och \u00f6verraskande t\u00e5lig"},"content":{"rendered":"<p>SammanfattningExpertbetyg<\/p>\n<p>F\u00f6rdelar<\/p>\n<ul class=\"wp-block-list\">\n<li>Bekv\u00e4m men \u00e4nd\u00e5 t\u00e5lig<\/li>\n<li>Stort och snabbladdat batteri<\/li>\n<li>H\u00f6g klass p\u00e5 sk\u00e4rmen<\/li>\n<\/ul>\n<p>Nackdelar<\/p>\n<ul class=\"wp-block-list\">\n<li>Lite efter i prestanda<\/li>\n<li>Begr\u00e4nsande kamera<\/li>\n<li>F\u00f6rra Android<\/li>\n<\/ul>\n<p>Omd\u00f6me <\/p>\n<p>Kan Redmi Note 15 Pro Plus bli en succ\u00e9? Kanske om Xiaomi lyckas f\u00f6rklara f\u00f6r m\u00f6jliga kunder vad den \u00e4r bra p\u00e5. Den \u00e4r t\u00e5lig, l\u00e5nglivad och snabbladdad och ingenting med den \u00e4r direkt d\u00e5ligt, \u00e4ven om en del konkurrenter g\u00f6r vissa saker b\u00e4ttre.<\/p>\n<p>Price When Reviewed<\/p>\n<p>This value will show the geolocated pricing text for product undefined<\/p>\n<p>Best Pricing Today<\/p>\n<p>Xiaomi lanserade precis nya mobiler i deras Redmi Note-serie. Det \u00e4r allts\u00e5 tillverkarens mellanklass, mellan billigare Redmi och toppmobilerna Xiaomi. Sen har vi ocks\u00e5 Poco, men det \u00e4r mer ett sidoprojekt som \u00e4r lite sv\u00e5rare att placera.<\/p>\n<p>De nya mobilerna \u00e4r Redmi Note 15, Redmi Note 15 Pro och Redmi Note 15 Pro Plus. De tv\u00e5 f\u00f6rsta finns i b\u00e5de 4g- och 5g-version, men Plus-modellen s\u00e4ljs bara med 5g. Den fick jag in f\u00f6r test f\u00f6r ett par veckor sedan och har testat fram tills nu.<\/p>\n<p>Det \u00e4r en p\u00e5 m\u00e5nga s\u00e4tt sympatisk mobil som f\u00f6r 6\u00a0000 kronor ger dig det mesta du kan t\u00e4nkas beh\u00f6va. Ingen utmanare till de b\u00e4sta och dyraste och snabbaste mobilerna, men fokuserar ist\u00e4llet p\u00e5 praktiska detaljer som t\u00e5lighet, batteritid och en praktisk upplevelse i vardagen.<\/p>\n<p>Komfortabel och tuff<\/p>\n<p>Med ett slimmat chassi, l\u00e4tt avrundat i kanterna b\u00e5de baktill och framtill, \u00e4r den behaglig att greppa trots en r\u00e4tt s\u00e5 stor sk\u00e4rm och breda m\u00e5tt. Baksidan \u00e4r i matt plast, alternativt syntetiskt l\u00e4der i en alternativ f\u00e4rg. Ramen \u00e4r i aluminium och ger mobilen extra stadga.<\/p>\n<p><img decoding=\"async\" data-wp-class--hide=\"state.isContentHidden\" data-wp-class--show=\"state.isContentVisible\" data-wp-init=\"callbacks.setButtonStyles\" data-wp-on-async--click=\"actions.showLightbox\" data-wp-on-async--load=\"callbacks.setButtonStyles\" data-wp-on-async-window--resize=\"callbacks.setButtonStyles\" src=\"https:\/\/www.europesays.com\/se\/wp-content\/uploads\/2026\/01\/REDMI-Note-15-Pro-plus_Brown.jpg\" alt=\"Xiaomi Redmi Note 15 Pro Plus Brown Leather\" class=\"wp-image-3033293\"  width=\"1200\" height=\"821\"  loading=\"lazy\"\/><\/p>\n<p>\t\t\tL\u00e4dervarianten, i brunt och sval guldton.<\/p>\n<p class=\"imageCredit\">Xiaomi<\/p>\n<p>Redmi Note 15 Pro Plus ger inte direkt ett intryck av ruggad t\u00e5lighet, men faktum \u00e4r att den \u00e4r t\u00e5ligare \u00e4n de flesta. Med ip66- och 68-klassning t\u00e5l den mer \u00e4n m\u00e5nga mellanklass-konkurrenter. Den ska ocks\u00e5 t\u00e5la att tappas i backen fr\u00e5n upptill 2,5 meters h\u00f6jd. Om det g\u00e4ller n\u00e4r den landar direkt p\u00e5 sk\u00e4rmens glasyta l\u00e5ter jag vara osagt.<\/p>\n<p>Mobilen drivs av Snapdragon 7s Gen 4, som ger m\u00e5ttlig kraft. Tillr\u00e4cklig f\u00f6r allt i vardagen som att surfa, scrolla Instagram, str\u00f6mma film och hantera meddelanden, men den f\u00e5r k\u00e4mpa lite med en del tyngre appar, speciellt om jag f\u00f6rs\u00f6ker dela sk\u00e4rmytan och multitaska.<\/p>\n<p>D\u00e5 testar jag \u00e4nd\u00e5 den version av mobilen som har 12 GB ramminne och 512 GB lagring. Instegsmodellen har 8 och 256 GB. Prisskillnaden mellan dem \u00e4r inte s\u00e5 stor s\u00e5 jag skulle rekommendera att v\u00e4lja den st\u00f6rre. D\u00e5 just minnespriser \u00e4r p\u00e5 v\u00e4g att skjuta i h\u00f6jden kan det vara smart att investera i det nu, det kan bli dyrare.<\/p>\n<p>Bra bild, beskedligt ljud<\/p>\n<p>Sk\u00e4rmen p\u00e5 rej\u00e4la 6,83 tum har skarp uppl\u00f6sning, 120 Hz bildfrekvens och \u00e4r byggd p\u00e5 en utm\u00e4rkt amoled-panel. Ljusstyrkan \u00e4r h\u00f6g nog f\u00f6r att aldrig ge mig besv\u00e4r med utomhusljus. Den har st\u00f6d f\u00f6r b\u00e5de Dolby Vision och hdr10+, och med 2\u00a0300 cd\/m2 i peak-ljusstyrka blir filmvisning riktigt fin.<\/p>\n<p>Bildfrekvensen \u00e4r inte helt adaptiv, men k\u00f6r som standard p\u00e5 60 Hz, och v\u00e4xlar upp till 120 vid behov. Det ser ut att fungera som det ska, jag upplever konsekvent j\u00e4mn bild och ingen hackighet som har med sk\u00e4rmen att g\u00f6ra.<\/p>\n<p><img decoding=\"async\" data-wp-class--hide=\"state.isContentHidden\" data-wp-class--show=\"state.isContentVisible\" data-wp-init=\"callbacks.setButtonStyles\" data-wp-on-async--click=\"actions.showLightbox\" data-wp-on-async--load=\"callbacks.setButtonStyles\" data-wp-on-async-window--resize=\"callbacks.setButtonStyles\" src=\"https:\/\/www.europesays.com\/se\/wp-content\/uploads\/2026\/01\/PXL_20260114_150831891.jpg\" alt=\"PXL 20260114 150831891\" class=\"wp-image-3033290\"  width=\"1200\" height=\"660\"  loading=\"lazy\"\/><\/p>\n<p>\t\t\tMycket batteri trots bekv\u00e4mt halvtunn design.<\/p>\n<p class=\"imageCredit\">Mattias Inghe<\/p>\n<p>H\u00f6gtalare p\u00e5 kortsidorna ger rent ljud med extra stereospridning, men basen och en del v\u00e4rme i mellanregistret f\u00f6rsvinner. S\u00e5 vill du avnjuta en film eller lyssna p\u00e5 musik \u00e4r h\u00f6rlurar en god id\u00e9. H\u00f6gtalarna fungerar d\u00e4remot utm\u00e4rkt f\u00f6r r\u00f6st, b\u00e5de med luren vid \u00f6rat och som h\u00f6gtalartelefon p\u00e5 bordet eller vid ett videosamtal.<\/p>\n<p>Tre kameror, totalt<\/p>\n<p>P\u00e5 tal om s\u00e5dana, l\u00e5t oss kolla in mobilens kameror. F\u00f6r det f\u00f6rsta en fullt anv\u00e4ndbar men inte fantastisk selfiekamera p\u00e5 framsidan. 32 MP med bred vinkel, god ljusupptagningsf\u00f6rm\u00e5ga och som b\u00e4st 1080p videoinspelning. Kamerapanelen p\u00e5 baksidan ser ut att vara designad f\u00f6r en tredje sensor, d\u00e5 den best\u00e5r av fyra ringar. Den fj\u00e4rde rymmer en led-blixt, men den tredje saknar b\u00e5de optik och sensor.<\/p>\n<p>Kamerorna d\u00e4r \u00e4r tv\u00e5 till antalet, en stor 200 MP huvudsensor som kompletteras av en enklare 8 MP vidvinkel med fast fokus. Ingen av dem \u00e4r direkt fantastisk, men de g\u00f6r inte bort sig heller. Med s\u00e5 punktt\u00e4t sensor kan du digitalzooma bra i b\u00e5de 2x och 4x, vilket \u00e4r presets i kamera-appen. De blir skarpa och f\u00e5r v\u00e4lbalanserade f\u00e4rger, s\u00e5 l\u00e4nge ljusf\u00f6rh\u00e5llanden \u00e4r bra.<\/p>\n<p>Vid f\u00f6r dunkel belysning g\u00e5r ett l\u00e5ngexponeringsl\u00e4ge ig\u00e5ng som tyv\u00e4rr inte har tillr\u00e4ckligt bra bildstabilisering bakom f\u00f6r att fungera optimalt. Den filmar i upptill 4k och 30 Hz. 60 Hz hade varit v\u00e4lkommet, men vi ska inte bli giriga \u2013 det h\u00e4r \u00e4r trots allt mellanklass.<\/p>\n<p>Kameran anv\u00e4nder en del AI f\u00f6r att automatisera fotandet och optimera bilden, och du kan g\u00f6ra mer av den varan i Xiaomis galleri-app, liksom i Google Foto. Till exempel tv\u00e4tta bort reflexer och optimera ljuset i bilden.<\/p>\n<p><img decoding=\"async\" data-wp-class--hide=\"state.isContentHidden\" data-wp-class--show=\"state.isContentVisible\" data-wp-init=\"callbacks.setButtonStyles\" data-wp-on-async--click=\"actions.showLightbox\" data-wp-on-async--load=\"callbacks.setButtonStyles\" data-wp-on-async-window--resize=\"callbacks.setButtonStyles\" src=\"https:\/\/www.europesays.com\/se\/wp-content\/uploads\/2026\/01\/PXL_20260114_150824296.jpg\" alt=\"PXL 20260114 150824296\" class=\"wp-image-3033289\"  width=\"1200\" height=\"942\"  loading=\"lazy\"\/><\/p>\n<p>\t\t\tTre kameraplatser, tv\u00e5 kameror.<\/p>\n<p class=\"imageCredit\">Mattias Inghe<\/p>\n<p>Systemet ett steg efter<\/p>\n<p>Systemet i mobilen \u00e4r Hyper OS 2, trist nog med Android 15 i st\u00e4llet f\u00f6r Android 16. En av de fyra utlovade Android-uppdateringarna kan d\u00e4rmed g\u00e5 \u00e5t till att komma ikapp. Det finns en del sm\u00e5 AI-verktyg, som skrivhj\u00e4lp i en anteckningsapp, men inget som k\u00e4nns v\u00e4ldigt avg\u00f6rande. Systemet inneh\u00e5ller Xiaomis vanliga \u00f6verfl\u00f6d av egna appar och f\u00f6rinstallerade tredjepartsappar, fr\u00e5n kontorsappar till sm\u00e5spel, n\u00e5got som irriterar mig mer \u00e4n det k\u00e4nns gener\u00f6st. Men det \u00e4r tydligen s\u00e5 de vill ha det. Jag kanske \u00e4r ensam om att tycka s\u00e5.<\/p>\n<p>Ett 6 500 mAh batteri, byggt p\u00e5 ny kisel-kol-teknik, ger mycket energi p\u00e5 liten volym. Det levererar ordentligt med driftstid, \u00e4ven om jag hade hoppats p\u00e5 mer. Liknande batterier i nya, dyra toppmobiler presterar b\u00e4ttre. <\/p>\n<p>Men batteritiden \u00e4r fortfarande god \u2013 jag kan utan problem anv\u00e4nda mobilen en hel dag utan att beh\u00f6va ladda upp den. Ibland tv\u00e5 dagar. Uppladdning kan g\u00e5 snabbt, under en timme med en av tillverkarens egna Hypercharge-laddare p\u00e5 100 watt. Eller en annan ufcs-kompatibel laddare. Den f\u00e5r du dock som alltid numera skaffa separat.<\/p>\n<p>Prisv\u00e4rt? F\u00f6r vissa<\/p>\n<p>Prislapp p\u00e5\u00a05\u00a0990 kronor eller 6\u00a0290 f\u00f6r versionen med 12\/512 GB l\u00e4gger den i samma prisklass som Samsung Galaxy A56 eller Oneplus Nord 5, \u00e4ven om de ofta g\u00e5r att hitta p\u00e5 rea. Det kan du \u00e4ven med Redmi Note 15 Pro Plus, d\u00e5 den i skrivande stund har introduktionspris som hyvlar av en tusenlapp fr\u00e5n priset. Kvalitetsm\u00e4ssigt h\u00e5ller den ungef\u00e4r j\u00e4mn niv\u00e5 med dem.<\/p>\n<p>Det som talar till Xiaomis f\u00f6rdel \u00e4r den utlovade t\u00e5ligheten och mer batteri, \u00e4ven om kameran och prestanda inneb\u00e4r lite kompromiss. Det kan vara en trade-off som m\u00e5nga \u00e4r beredda att g\u00f6ra, om de kan ha t\u00e5lamod med Xiaomis ibland p\u00e5frestande mjukvara.<\/p>\n<p>Specifikationer<\/p>\n<p><strong>Produktnamn<\/strong>: Redmi Note 15 Pro Plus<br \/><strong>Testad<\/strong>: Januari 2026<br \/><strong>Tillverkare<\/strong>:\u00a0<a href=\"https:\/\/idg.digidip.net\/visit?url=https:\/\/www.mi.com\/se\/&amp;currurl=https:\/\/www.m3.se\/article\/3033284\/xiaomi-redmi-note-15-pro-plus.html&amp;ref=9-1-3033284-1-0-0-0-0\" data-type=\"link\" data-id=\"https:\/\/www.mi.com\/se\/\" target=\"_blank\" rel=\"nofollow noopener\" data-subtag=\"9-1-3033284-1-0-0-0-0\" data-domain-name=\"mi\">Xiaomi <\/a><br \/><strong>Systemkrets<\/strong>: Qualcomm Snapdragon 7s Gen 4<br \/><strong>Processor<\/strong>: Cortex-A720 2,7 GHz + 3 st Cortex-A720 2,4 GHz + 4 st Cortex-A520 1,8 GHz<br \/><strong>Grafik<\/strong>: Adreno 810<br \/><strong>NPU<\/strong>: Hexagon<br \/><strong>Minne<\/strong>: 8 GB \/ 12 GB<br \/><strong>Lagring<\/strong>: 256 GB \/ 512 GB<br \/><strong>Bildsk\u00e4rm<\/strong>: 6,83 tum amoled, 1280 x 2772 bildpunkter, 120 Hz adaptiv, 3 200 cd\/m2 (peak)<br \/><strong>Kameror<\/strong>: 200 MP + 8 MP vidvinkel med led bak, 32 MP fram<br \/><strong>Anslutningar<\/strong>: Usb-c 2.0<br \/><strong>Kommunikation<\/strong>: 5g, wifi 6e, bluetooth 5.4, dual gps, galileo, nfc, ir<br \/><strong>Operativsystem<\/strong>: Android 15 med Hyper OS 2, 4 \u00e5rs uppdateringar<br \/><strong>\u00d6vrigt<\/strong>: Fingeravtrycksl\u00e4sare i sk\u00e4rm, dual nano sim + e-sim, vattent\u00e4t (ip66, ip68, ip69, ip69k)<strong><br \/>Batteri<\/strong>: 6 500 mAh, ca 19 tim videostreaming (h\u00f6g ljusstyrka, 60 Hz), 15 tim 15 min blandad anv\u00e4ndning (PC Mark Work 3.0 200 cd\/m2, 120 Hz)<br \/><strong>Batteriladdning<\/strong>: Upp till 100W usb (Ett 6 500 mAh batteri, byggt p\u00e5 ny kisel-kol-teknik, ger mycket energi p\u00e5 liten volym. Det levererar ordentligt med driftstid, \u00e4ven om jag hade hoppats p\u00e5 mer.charge, ufcs). 31% p\u00e5 15 min, 52% p\u00e5 30 min med 120W ufcs-laddare.<br \/><strong>Storlek<\/strong>: 16,33 x 7,83 x 0,82 cm<br \/><strong>Vikt<\/strong>: 207 gram<br \/><strong>Pris<\/strong>:\u00a0<a href=\"https:\/\/webhallensverigeab.sjv.io\/c\/1229148\/2240185\/29086?subId1=9-1-3033284-1-0-0-0-0&amp;u=https:\/\/www.webhallen.com\/se\/product\/394027-Redmi-Note-15-Pro-5G-Glacier-Blue-8256G\" data-type=\"link\" data-id=\"https:\/\/www.webhallen.com\/se\/product\/394027-Redmi-Note-15-Pro-5G-Glacier-Blue-8256G\" target=\"_blank\" rel=\"nofollow noopener\" data-subtag=\"9-1-3033284-1-0-0-0-0\" data-domain-name=\"webhallen\">Fr\u00e5n 4 490 kr hos Webhallen (introduktionspris)<\/a><\/p>\n<p><strong>Betyg:<\/strong> 3,5 av 5<br \/><img decoding=\"async\" class=\"wp-image-2838234\" style=\"width: NaNpx\" src=\"https:\/\/www.europesays.com\/se\/wp-content\/uploads\/2025\/08\/7_e428f4.png\" alt=\"Betyg 3,5\" loading=\"lazy\"\/><\/p>\n<p>Prestanda<\/p>\n<p><strong>Antutu Benchmark 10, allm\u00e4nna prestanda<\/strong>: 1\u00a0081 688 po\u00e4ng<br \/><strong>Geekbench 6, cpu en k\u00e4rna<\/strong>: 1 259 po\u00e4ng<strong><br \/>Geekbench 6, cpu flera k\u00e4rnor<\/strong>: 3 284 po\u00e4ng<br \/><strong>Geekbench 6 compute, gpu<\/strong>: 4 701 po\u00e4ng<br \/><strong>3DMark Wild Life Extreme, gaming<\/strong>: 1 060 po\u00e4ng<br \/><strong>L\u00e4shastighet, lagring<\/strong>: 1 094 MB\/s<br \/><strong>Skrivhastighet, lagring<\/strong>: 1\u00a0085,3 MB\/s<\/p>\n","protected":false},"excerpt":{"rendered":"SammanfattningExpertbetyg F\u00f6rdelar Bekv\u00e4m men \u00e4nd\u00e5 t\u00e5lig Stort och snabbladdat batteri H\u00f6g klass p\u00e5 sk\u00e4rmen Nackdelar Lite efter i&hellip;\n","protected":false},"author":2,"featured_media":137823,"comment_status":"","ping_status":"","sticky":false,"template":"","format":"standard","meta":{"footnotes":""},"categories":[66],"tags":[80,78,79,34,31,33,32,30,81,84,83,82],"class_list":{"0":"post-137822","1":"post","2":"type-post","3":"status-publish","4":"format-standard","5":"has-post-thumbnail","7":"category-vetenskap-och-teknik","8":"tag-science","9":"tag-science-and-technology","10":"tag-scienceandtechnology","11":"tag-se","12":"tag-svenska","13":"tag-sverige","14":"tag-sweden","15":"tag-swedish","16":"tag-technology","17":"tag-teknik","18":"tag-vetenskap","19":"tag-vetenskapteknik"},"share_on_mastodon":{"url":"https:\/\/pubeurope.com\/@se\/115903573834537290","error":""},"_links":{"self":[{"href":"https:\/\/www.europesays.com\/se\/wp-json\/wp\/v2\/posts\/137822","targetHints":{"allow":["GET"]}}],"collection":[{"href":"https:\/\/www.europesays.com\/se\/wp-json\/wp\/v2\/posts"}],"about":[{"href":"https:\/\/www.europesays.com\/se\/wp-json\/wp\/v2\/types\/post"}],"author":[{"embeddable":true,"href":"https:\/\/www.europesays.com\/se\/wp-json\/wp\/v2\/users\/2"}],"replies":[{"embeddable":true,"href":"https:\/\/www.europesays.com\/se\/wp-json\/wp\/v2\/comments?post=137822"}],"version-history":[{"count":0,"href":"https:\/\/www.europesays.com\/se\/wp-json\/wp\/v2\/posts\/137822\/revisions"}],"wp:featuredmedia":[{"embeddable":true,"href":"https:\/\/www.europesays.com\/se\/wp-json\/wp\/v2\/media\/137823"}],"wp:attachment":[{"href":"https:\/\/www.europesays.com\/se\/wp-json\/wp\/v2\/media?parent=137822"}],"wp:term":[{"taxonomy":"category","embeddable":true,"href":"https:\/\/www.europesays.com\/se\/wp-json\/wp\/v2\/categories?post=137822"},{"taxonomy":"post_tag","embeddable":true,"href":"https:\/\/www.europesays.com\/se\/wp-json\/wp\/v2\/tags?post=137822"}],"curies":[{"name":"wp","href":"https:\/\/api.w.org\/{rel}","templated":true}]}}