{"id":137826,"date":"2026-01-16T07:25:10","date_gmt":"2026-01-16T07:25:10","guid":{"rendered":"https:\/\/www.europesays.com\/se\/137826\/"},"modified":"2026-01-16T07:25:10","modified_gmt":"2026-01-16T07:25:10","slug":"influensatoppen-passerad-men-fortsatt-stor-spridning","status":"publish","type":"post","link":"https:\/\/www.europesays.com\/se\/137826\/","title":{"rendered":"Influensatoppen passerad \u2013 men fortsatt stor spridning"},"content":{"rendered":"<p>\u00c5rets influensakurva har nu b\u00f6rjat v\u00e4nda ner efter att ha \u00f6kat stadigt sedan november, rapporterar TT. Enligt Folkh\u00e4lsomyndigheten \u00e4r dock smittpridningen fortsatt p\u00e5 en medelh\u00f6g niv\u00e5 och den riskerar att ta fart igen n\u00e4r m\u00e4nniskor \u00e5terv\u00e4nder till sina arbetsplatser efter jul och ny\u00e5r.<\/p>\n<p>\u00c4ven antalet fall av covid-19 minskar. D\u00e4remot \u00f6kar antalet fall av RS-virus, fr\u00e4mst bland \u00e4ldre.<\/p>\n<p>Omni \u00e4r politiskt obundna och oberoende. Vi str\u00e4var efter att ge fler perspektiv p\u00e5 nyheterna. Har du fr\u00e5gor eller synpunkter kring v\u00e5r rapportering? <a href=\"https:\/\/omni.se\/influensatoppen-passerad-men-fortsatt-stor-spridning\/a\/mailto:redaktion@omni.se\" class=\"ArticleActions_contactLink__W2F1M\" rel=\"nofollow noopener\" target=\"_blank\">Kontakta redaktionen<\/a><\/p>\n","protected":false},"excerpt":{"rendered":"\u00c5rets influensakurva har nu b\u00f6rjat v\u00e4nda ner efter att ha \u00f6kat stadigt sedan november, rapporterar TT. Enligt Folkh\u00e4lsomyndigheten&hellip;\n","protected":false},"author":2,"featured_media":137827,"comment_status":"","ping_status":"","sticky":false,"template":"","format":"standard","meta":{"footnotes":""},"categories":[5],"tags":[22,23,26,27,1624,113,17,21,24,25,28,29,15,16,18,34,31,33,32,30,19,20],"class_list":{"0":"post-137826","1":"post","2":"type-post","3":"status-publish","4":"format-standard","5":"has-post-thumbnail","7":"category-rubriker","8":"tag-breaking-news","9":"tag-breakingnews","10":"tag-featured-news","11":"tag-featurednews","12":"tag-folkhalsomyndigheten","13":"tag-halsa","14":"tag-headlines","15":"tag-huvudnyheter","16":"tag-latest-news","17":"tag-latestnews","18":"tag-main-news","19":"tag-mainnews","20":"tag-news","21":"tag-nyheter","22":"tag-rubriker","23":"tag-se","24":"tag-svenska","25":"tag-sverige","26":"tag-sweden","27":"tag-swedish","28":"tag-top-stories","29":"tag-topstories"},"share_on_mastodon":{"url":"https:\/\/pubeurope.com\/@se\/115903589443039951","error":""},"_links":{"self":[{"href":"https:\/\/www.europesays.com\/se\/wp-json\/wp\/v2\/posts\/137826","targetHints":{"allow":["GET"]}}],"collection":[{"href":"https:\/\/www.europesays.com\/se\/wp-json\/wp\/v2\/posts"}],"about":[{"href":"https:\/\/www.europesays.com\/se\/wp-json\/wp\/v2\/types\/post"}],"author":[{"embeddable":true,"href":"https:\/\/www.europesays.com\/se\/wp-json\/wp\/v2\/users\/2"}],"replies":[{"embeddable":true,"href":"https:\/\/www.europesays.com\/se\/wp-json\/wp\/v2\/comments?post=137826"}],"version-history":[{"count":0,"href":"https:\/\/www.europesays.com\/se\/wp-json\/wp\/v2\/posts\/137826\/revisions"}],"wp:featuredmedia":[{"embeddable":true,"href":"https:\/\/www.europesays.com\/se\/wp-json\/wp\/v2\/media\/137827"}],"wp:attachment":[{"href":"https:\/\/www.europesays.com\/se\/wp-json\/wp\/v2\/media?parent=137826"}],"wp:term":[{"taxonomy":"category","embeddable":true,"href":"https:\/\/www.europesays.com\/se\/wp-json\/wp\/v2\/categories?post=137826"},{"taxonomy":"post_tag","embeddable":true,"href":"https:\/\/www.europesays.com\/se\/wp-json\/wp\/v2\/tags?post=137826"}],"curies":[{"name":"wp","href":"https:\/\/api.w.org\/{rel}","templated":true}]}}