{"id":137832,"date":"2026-01-16T07:32:11","date_gmt":"2026-01-16T07:32:11","guid":{"rendered":"https:\/\/www.europesays.com\/se\/137832\/"},"modified":"2026-01-16T07:32:11","modified_gmt":"2026-01-16T07:32:11","slug":"manga-installda-tag-i-norr-jarnvagar-nu","status":"publish","type":"post","link":"https:\/\/www.europesays.com\/se\/137832\/","title":{"rendered":"M\u00e5nga inst\u00e4llda t\u00e5g i norr \u2013 J\u00e4rnv\u00e4gar.nu"},"content":{"rendered":"<p style=\"font-weight: 400;\">\u201dVi har en utmanande fordonssituation och har tyv\u00e4rr tvingats st\u00e4lla in en stor del av trafiken till och fr\u00e5n Lule\u00e5, bland annat all trafik till Haparanda och en stor del av trafiken till Kiruna\u201d, s\u00e4ger Amanda Thor\u00e9n, aff\u00e4rschef p\u00e5 VR Sverige.<\/p>\n<p style=\"font-weight: 400;\">VR Sverige tog f\u00f6r en m\u00e5nad sedan, 14 december, \u00f6ver t\u00e5gk\u00f6rningen f\u00f6r Norrt\u00e5g f\u00e5n Vy T\u00e5g. Samtidigt tog Alstom \u00f6ver underh\u00e5llet fr\u00e5n Euromaint av de 21 t\u00e5gs\u00e4tten som Norrt\u00e5g anv\u00e4nder f\u00f6r trafiken.<\/p>\n<p>Tre av sex Regina-t\u00e5g p\u00e5 verkstad<\/p>\n<p style=\"font-weight: 400;\">I g\u00e5r, torsdag, var tre av de sex Regina-t\u00e5gen som anv\u00e4nds av Norrt\u00e5g p\u00e5 verkstad f\u00f6r reparationer.<\/p>\n<p style=\"font-weight: 400;\">\u201dF\u00f6rst hade vi Johannes, sen Anna och d\u00e4refter den str\u00e4nga kylan\u201d, s\u00e4ger Amanda Thor\u00e9n.<\/p>\n<p style=\"font-weight: 400;\">\u201dRegina-t\u00e5gen har drabbats av olika fel som det tyv\u00e4rr tagit l\u00e5ng tid att \u00e5tg\u00e4rda.\u201d<\/p>\n<p style=\"font-weight: 400;\">\u201dEn bidragande orsak till stillest\u00e5nden \u00e4r att det tagit ovanligt l\u00e5ng tid att f\u00e5 hit reservdelar med expressgods, f\u00f6rs\u00e4ndelserna har f\u00f6rsenats flera dagar p\u00e5 grund av v\u00e4dret.\u201d<\/p>\n<p style=\"font-weight: 400;\">Dessutom har bytet fr\u00e5n Euromaint till Alstom f\u00f6r fordonsunderh\u00e5llet inneburit vissa ink\u00f6rningsproblem.<\/p>\n<p>Mer normal trafik n\u00e4sta vecka<\/p>\n<p style=\"font-weight: 400;\">\u201dReparationerna av Regina-t\u00e5gen har h\u00f6gsta prioritet och vi r\u00e4knar med att de flesta ska kunna s\u00e4ttas i trafik n\u00e4sta vecka\u201d, s\u00e4ger Amanda Thor\u00e9n.<\/p>\n<p style=\"font-weight: 400;\">\u00d6vriga fordon hos Norrt\u00e5g, de tolv X62:orna och de tre X11:orna, har klarat vintern b\u00e4ttre \u00e4ven om flera t\u00e5gs\u00e4tt har f\u00e5tt tillbringa ett antal dagar p\u00e5 verkstad f\u00f6r reparationer och komponentbyten.<\/p>\n<p>Problem \u00e4ven f\u00f6r X-Trafik<\/p>\n<p style=\"font-weight: 400;\">\u00c4ven X-Trafik som ansvarar f\u00f6r den regionala t\u00e5gtrafiken i G\u00e4vleborgs l\u00e4n med VR Sverige som operat\u00f6r har tvingats st\u00e4lla in ett stort antal t\u00e5g de senaste dagarna, fr\u00e4mst mellan G\u00e4vle och Ljusdal.<\/p>\n","protected":false},"excerpt":{"rendered":"\u201dVi har en utmanande fordonssituation och har tyv\u00e4rr tvingats st\u00e4lla in en stor del av trafiken till och&hellip;\n","protected":false},"author":2,"featured_media":137833,"comment_status":"","ping_status":"","sticky":false,"template":"","format":"standard","meta":{"footnotes":""},"categories":[12],"tags":[22,23,26,27,17,21,24,25,28,29,15,16,753,5750,18,34,31,33,32,30,19,20],"class_list":{"0":"post-137832","1":"post","2":"type-post","3":"status-publish","4":"format-standard","5":"has-post-thumbnail","7":"category-sverige","8":"tag-breaking-news","9":"tag-breakingnews","10":"tag-featured-news","11":"tag-featurednews","12":"tag-headlines","13":"tag-huvudnyheter","14":"tag-latest-news","15":"tag-latestnews","16":"tag-main-news","17":"tag-mainnews","18":"tag-news","19":"tag-nyheter","20":"tag-persontrafik","21":"tag-regiontrafik","22":"tag-rubriker","23":"tag-se","24":"tag-svenska","25":"tag-sverige","26":"tag-sweden","27":"tag-swedish","28":"tag-top-stories","29":"tag-topstories"},"share_on_mastodon":{"url":"https:\/\/pubeurope.com\/@se\/115903616979089074","error":""},"_links":{"self":[{"href":"https:\/\/www.europesays.com\/se\/wp-json\/wp\/v2\/posts\/137832","targetHints":{"allow":["GET"]}}],"collection":[{"href":"https:\/\/www.europesays.com\/se\/wp-json\/wp\/v2\/posts"}],"about":[{"href":"https:\/\/www.europesays.com\/se\/wp-json\/wp\/v2\/types\/post"}],"author":[{"embeddable":true,"href":"https:\/\/www.europesays.com\/se\/wp-json\/wp\/v2\/users\/2"}],"replies":[{"embeddable":true,"href":"https:\/\/www.europesays.com\/se\/wp-json\/wp\/v2\/comments?post=137832"}],"version-history":[{"count":0,"href":"https:\/\/www.europesays.com\/se\/wp-json\/wp\/v2\/posts\/137832\/revisions"}],"wp:featuredmedia":[{"embeddable":true,"href":"https:\/\/www.europesays.com\/se\/wp-json\/wp\/v2\/media\/137833"}],"wp:attachment":[{"href":"https:\/\/www.europesays.com\/se\/wp-json\/wp\/v2\/media?parent=137832"}],"wp:term":[{"taxonomy":"category","embeddable":true,"href":"https:\/\/www.europesays.com\/se\/wp-json\/wp\/v2\/categories?post=137832"},{"taxonomy":"post_tag","embeddable":true,"href":"https:\/\/www.europesays.com\/se\/wp-json\/wp\/v2\/tags?post=137832"}],"curies":[{"name":"wp","href":"https:\/\/api.w.org\/{rel}","templated":true}]}}