{"id":137834,"date":"2026-01-16T07:33:13","date_gmt":"2026-01-16T07:33:13","guid":{"rendered":"https:\/\/www.europesays.com\/se\/137834\/"},"modified":"2026-01-16T07:33:13","modified_gmt":"2026-01-16T07:33:13","slug":"tre-kronors-nya-os-small-william-nylander-skadad","status":"publish","type":"post","link":"https:\/\/www.europesays.com\/se\/137834\/","title":{"rendered":"Tre Kronors nya OS-sm\u00e4ll: William Nylander skadad"},"content":{"rendered":"<p>Nylander, som \u00e4r uttagen till OS, l\u00e4mnade isen med en befarad underkroppsskada. Det \u00e4r fortfarande oklart hur allvarlig skadan \u00e4r.<\/p>\n<p>Innan Nylander klev av hade han gjort en assist och ett m\u00e5l. Under m\u00e5lfirandet s\u00e5g det ut som att Nylander trampade snett, rapporterar Aftonbladet. Han l\u00e4mnade omedelbart isen och senare kom beskedet att han spelat f\u00e4rdigt f\u00f6r kv\u00e4llen.<\/p>\n","protected":false},"excerpt":{"rendered":"Nylander, som \u00e4r uttagen till OS, l\u00e4mnade isen med en befarad underkroppsskada. Det \u00e4r fortfarande oklart hur allvarlig&hellip;\n","protected":false},"author":2,"featured_media":137835,"comment_status":"","ping_status":"","sticky":false,"template":"","format":"standard","meta":{"footnotes":""},"categories":[5],"tags":[22,23,26,27,17,21,24,25,28,29,15,16,18,34,31,33,32,30,19,20],"class_list":{"0":"post-137834","1":"post","2":"type-post","3":"status-publish","4":"format-standard","5":"has-post-thumbnail","7":"category-rubriker","8":"tag-breaking-news","9":"tag-breakingnews","10":"tag-featured-news","11":"tag-featurednews","12":"tag-headlines","13":"tag-huvudnyheter","14":"tag-latest-news","15":"tag-latestnews","16":"tag-main-news","17":"tag-mainnews","18":"tag-news","19":"tag-nyheter","20":"tag-rubriker","21":"tag-se","22":"tag-svenska","23":"tag-sverige","24":"tag-sweden","25":"tag-swedish","26":"tag-top-stories","27":"tag-topstories"},"share_on_mastodon":{"url":"https:\/\/pubeurope.com\/@se\/115903621027109771","error":""},"_links":{"self":[{"href":"https:\/\/www.europesays.com\/se\/wp-json\/wp\/v2\/posts\/137834","targetHints":{"allow":["GET"]}}],"collection":[{"href":"https:\/\/www.europesays.com\/se\/wp-json\/wp\/v2\/posts"}],"about":[{"href":"https:\/\/www.europesays.com\/se\/wp-json\/wp\/v2\/types\/post"}],"author":[{"embeddable":true,"href":"https:\/\/www.europesays.com\/se\/wp-json\/wp\/v2\/users\/2"}],"replies":[{"embeddable":true,"href":"https:\/\/www.europesays.com\/se\/wp-json\/wp\/v2\/comments?post=137834"}],"version-history":[{"count":0,"href":"https:\/\/www.europesays.com\/se\/wp-json\/wp\/v2\/posts\/137834\/revisions"}],"wp:featuredmedia":[{"embeddable":true,"href":"https:\/\/www.europesays.com\/se\/wp-json\/wp\/v2\/media\/137835"}],"wp:attachment":[{"href":"https:\/\/www.europesays.com\/se\/wp-json\/wp\/v2\/media?parent=137834"}],"wp:term":[{"taxonomy":"category","embeddable":true,"href":"https:\/\/www.europesays.com\/se\/wp-json\/wp\/v2\/categories?post=137834"},{"taxonomy":"post_tag","embeddable":true,"href":"https:\/\/www.europesays.com\/se\/wp-json\/wp\/v2\/tags?post=137834"}],"curies":[{"name":"wp","href":"https:\/\/api.w.org\/{rel}","templated":true}]}}