{"id":137842,"date":"2026-01-16T07:41:10","date_gmt":"2026-01-16T07:41:10","guid":{"rendered":"https:\/\/www.europesays.com\/se\/137842\/"},"modified":"2026-01-16T07:41:10","modified_gmt":"2026-01-16T07:41:10","slug":"vilma-andersson-sokte-vard-for-sexuella-impulser","status":"publish","type":"post","link":"https:\/\/www.europesays.com\/se\/137842\/","title":{"rendered":"Vilma Andersson s\u00f6kte v\u00e5rd f\u00f6r sexuella impulser"},"content":{"rendered":"<p>Vilma Andersson, som \u00e4r misst\u00e4nkt f\u00f6r att ha kidnappat och m\u00f6rdat en kvinna i R\u00f6nninge, ska enligt en granskning av P4 Stockholm tidigare ha s\u00f6kt hj\u00e4lp f\u00f6r sexuella impulser.<\/p>\n<p>Andersson d\u00f6mdes 2019 till tv\u00e5 \u00e5r och fyra m\u00e5naders f\u00e4ngelse f\u00f6r att ha kidnappat en tio\u00e5rig flicka och bed\u00f6mdes d\u00e5 lida av pedofili med h\u00f6g \u00e5terfallsrisk. I samband med den \u00f6vervakade frigivningen ska Andersson ha tagit kontakt med mottagningen Anova vid Karolinska universitetssjukhuset, enligt handlingar fr\u00e5n Kriminalv\u00e5rden som P4 tagit del av.<\/p>\n<p>Anova \u00e4r en mottagning som erbjuder behandling f\u00f6r bland annat pedofili och o\u00f6nskade sexuella impulser. Det tog drygt ett \u00e5r innan det blev ett behandlingsm\u00f6te, men d\u00e4refter tog det stopp. Och enligt handlingarna genomf\u00f6rdes inte v\u00e5rden regelbundet.<\/p>\n<p>\u2013 V\u00e5rden hos oss \u00e4r helt frivillig s\u00e5 om det \u00e4r s\u00e5 att en \u00f6vervakningsperiod tar slut och man f\u00f6rlorar motivationen s\u00e5 har vi begr\u00e4nsat utrymme att g\u00f6ra s\u00e5 mycket, s\u00e4ger en medarbetare p\u00e5 Anova.<\/p>\n<p>Omni \u00e4r politiskt obundna och oberoende. Vi str\u00e4var efter att ge fler perspektiv p\u00e5 nyheterna. Har du fr\u00e5gor eller synpunkter kring v\u00e5r rapportering? <a href=\"https:\/\/omni.se\/vilma-andersson-sokte-vard-for-sexuella-impulser\/a\/mailto:redaktion@omni.se\" class=\"ArticleActions_contactLink__W2F1M\" rel=\"nofollow noopener\" target=\"_blank\">Kontakta redaktionen<\/a><\/p>\n","protected":false},"excerpt":{"rendered":"Vilma Andersson, som \u00e4r misst\u00e4nkt f\u00f6r att ha kidnappat och m\u00f6rdat en kvinna i R\u00f6nninge, ska enligt en&hellip;\n","protected":false},"author":2,"featured_media":137843,"comment_status":"","ping_status":"","sticky":false,"template":"","format":"standard","meta":{"footnotes":""},"categories":[5],"tags":[22,23,128,26,27,17,21,983,24,25,28,29,15,16,18,34,258,127,31,33,32,30,19,20],"class_list":{"0":"post-137842","1":"post","2":"type-post","3":"status-publish","4":"format-standard","5":"has-post-thumbnail","7":"category-rubriker","8":"tag-breaking-news","9":"tag-breakingnews","10":"tag-brott","11":"tag-featured-news","12":"tag-featurednews","13":"tag-headlines","14":"tag-huvudnyheter","15":"tag-karolinska-universitetssjukhuset","16":"tag-latest-news","17":"tag-latestnews","18":"tag-main-news","19":"tag-mainnews","20":"tag-news","21":"tag-nyheter","22":"tag-rubriker","23":"tag-se","24":"tag-stockholm","25":"tag-stockholms-lan","26":"tag-svenska","27":"tag-sverige","28":"tag-sweden","29":"tag-swedish","30":"tag-top-stories","31":"tag-topstories"},"share_on_mastodon":{"url":"https:\/\/pubeurope.com\/@se\/115903652377819812","error":""},"_links":{"self":[{"href":"https:\/\/www.europesays.com\/se\/wp-json\/wp\/v2\/posts\/137842","targetHints":{"allow":["GET"]}}],"collection":[{"href":"https:\/\/www.europesays.com\/se\/wp-json\/wp\/v2\/posts"}],"about":[{"href":"https:\/\/www.europesays.com\/se\/wp-json\/wp\/v2\/types\/post"}],"author":[{"embeddable":true,"href":"https:\/\/www.europesays.com\/se\/wp-json\/wp\/v2\/users\/2"}],"replies":[{"embeddable":true,"href":"https:\/\/www.europesays.com\/se\/wp-json\/wp\/v2\/comments?post=137842"}],"version-history":[{"count":0,"href":"https:\/\/www.europesays.com\/se\/wp-json\/wp\/v2\/posts\/137842\/revisions"}],"wp:featuredmedia":[{"embeddable":true,"href":"https:\/\/www.europesays.com\/se\/wp-json\/wp\/v2\/media\/137843"}],"wp:attachment":[{"href":"https:\/\/www.europesays.com\/se\/wp-json\/wp\/v2\/media?parent=137842"}],"wp:term":[{"taxonomy":"category","embeddable":true,"href":"https:\/\/www.europesays.com\/se\/wp-json\/wp\/v2\/categories?post=137842"},{"taxonomy":"post_tag","embeddable":true,"href":"https:\/\/www.europesays.com\/se\/wp-json\/wp\/v2\/tags?post=137842"}],"curies":[{"name":"wp","href":"https:\/\/api.w.org\/{rel}","templated":true}]}}