{"id":137844,"date":"2026-01-16T07:45:01","date_gmt":"2026-01-16T07:45:01","guid":{"rendered":"https:\/\/www.europesays.com\/se\/137844\/"},"modified":"2026-01-16T07:45:01","modified_gmt":"2026-01-16T07:45:01","slug":"netflix-synden-i-bjare-ortsbor-kanner-inte-igen-sig","status":"publish","type":"post","link":"https:\/\/www.europesays.com\/se\/137844\/","title":{"rendered":"Netflix Synden i Bj\u00e4re \u2013 ortsbor k\u00e4nner inte igen sig"},"content":{"rendered":"<p class=\"sc-c25743f0-0 sc-e37c0145-2 hObFds DQgPn\"><strong>Tv-serien \u201dSynden\u201d, som utspelar sig p\u00e5 Bj\u00e4re i nordv\u00e4stra Sk\u00e5ne, toppar Netflix globala lista \u00f6ver de mest sedda icke-engelskspr\u00e5kiga serierna.<br \/>Men kriminalseriens skildring av halv\u00f6n som en plats d\u00e4r egna lagar r\u00e5der har f\u00e5tt ortsbor att reagera.<br \/>\u2013 Pappa skrev till mig och Amanda efter att ha sett den och hade panik, s\u00e4ger Adina Romare till TV4 Nyheterna.<\/strong><\/p>\n<p class=\"sc-c25743f0-0 sc-e37c0145-2 hObFds DQgPn\">I den svenska tv-serien \u201dSynden\u201d, skapad av regiss\u00f6ren Peter Gr\u00f6nlund, utreder polisen Dani tv\u00e5 d\u00f6dsfall kopplade till en sl\u00e4ktfejd i Sk\u00e5ne som p\u00e5g\u00e5tt i generationer. Adina Romare, sj\u00e4lv verksam inom film och uppvuxen p\u00e5 Bj\u00e4re, k\u00e4nner inte igen sig i den bild av halv\u00f6n som skildras i listettan \u2013 en uppfattning hon delar med flera andra. <\/p>\n<p class=\"sc-c25743f0-0 sc-e37c0145-2 hObFds DQgPn\">I ett kommentarsf\u00e4lt p\u00e5 Facebook skriver en person att \u201dde verkligen inte f\u00e5ngat Bj\u00e4res sk\u00f6nhet\u201d, en annan att serien \u201ddefinitivt inte \u00e4r representativ f\u00f6r Bj\u00e4re\u201d.<\/p>\n<p class=\"sc-c25743f0-0 sc-e37c0145-2 hObFds DQgPn\">\u2013 Samtidigt pratade jag med min syster (Amanda Romare, reds. anm.) och hennes kille som ocks\u00e5 \u00e4r fr\u00e5n Bj\u00e4re, och han var s\u00e5 h\u00e4r: \u201dJo jo, de h\u00e4r familjerna finns. Jag k\u00e4nner s\u00e5dana\u201d, s\u00e4ger Adina Romare till TV4 Nyheterna.<\/p>\n<p class=\"sc-c25743f0-0 sc-e37c0145-2 hObFds DQgPn\">\u2013 Men jag vet inte, jag kanske bara inte k\u00e4nner dem. Den d\u00e4r riktiga \u201dthug-k\u00e4nslan\u201d som blir i serien k\u00e4nner jag inte igen. Om man \u00e5ker dit nu och f\u00f6rv\u00e4ntar sig att se det, s\u00e5 kanske man blir lite besviken.<\/p>\n<p>\u201dV\u00e4rre \u00e4n den sista f\u00e4rden\u201d<\/p>\n<p class=\"sc-c25743f0-0 sc-e37c0145-2 hObFds DQgPn\">Efter att hennes pappa, som bor p\u00e5 Bj\u00e4re, hade sett alla avsnitt skrev han till henne och Amanda Romare i panik.<\/p>\n<p class=\"sc-c25743f0-0 sc-e37c0145-2 hObFds DQgPn\">\u2013  Han skrev \u201dNu kommer det inte komma n\u00e5gra turister i sommar. Det h\u00e4r \u00e4r v\u00e4rre \u00e4n den sista f\u00e4rden med banjon\u201d. Men jag vet inte, i s\u00e5dana fall \u00e4r all publicitet bra publicitet, s\u00e4ger Adina Romare.<\/p>\n<p class=\"sc-c25743f0-0 sc-e37c0145-2 hObFds DQgPn\">Samtidigt tycker hon att \u201dSynden\u201d \u00e4r sp\u00e4nnande. Hon uppskattar att inte alla serier utspelar sig i storstan och ser uppm\u00e4rksamheten som en vinst f\u00f6r halv\u00f6n som hon vuxit upp och bott p\u00e5 i 22 \u00e5r.<\/p>\n<p class=\"sc-c25743f0-0 sc-e37c0145-2 hObFds DQgPn\">\u2013 Jag \u00e4r stolt. Det \u00e4r ju helt galet att lilla Bj\u00e4re toppar mest sedda icke-engelskspr\u00e5kiga serien p\u00e5 Netflix.<\/p>\n<p>Stockholmarna den riktiga fienden<\/p>\n<p class=\"sc-c25743f0-0 sc-e37c0145-2 hObFds DQgPn\">Adina Romare tror ocks\u00e5 att det som triggar vissa \u00e5ret\u2011runt\u2011boende \u00e4r att sl\u00e4ktfejder, v\u00e5ld och lagl\u00f6shet inte \u00e4r s\u00e4rskilt representativt f\u00f6r den verkliga konflikten p\u00e5 Bj\u00e4re.<\/p>\n<p class=\"sc-c25743f0-0 sc-e37c0145-2 hObFds DQgPn\">\u2013 Om man s\u00e4ger \u201dfiende\u201d \u00e4r det inte s\u00e5dana typer av m\u00e4nniskor och familjer, utan snarare storstadsfolket som kommer p\u00e5 sommaren, s\u00e4ger hon.<\/p>\n<p class=\"sc-c25743f0-0 sc-e37c0145-2 hObFds DQgPn\">\u2013 Det \u00e4r ju dem det \u00e4r kamp med, s\u00e5 det kanske \u00e4r det ocks\u00e5. Men i och med att serien g\u00e5r s\u00e5 bra k\u00e4nns det som att den handlar om helt r\u00e4tt sak.<\/p>\n","protected":false},"excerpt":{"rendered":"Tv-serien \u201dSynden\u201d, som utspelar sig p\u00e5 Bj\u00e4re i nordv\u00e4stra Sk\u00e5ne, toppar Netflix globala lista \u00f6ver de mest sedda&hellip;\n","protected":false},"author":2,"featured_media":137845,"comment_status":"","ping_status":"","sticky":false,"template":"","format":"standard","meta":{"footnotes":""},"categories":[67],"tags":[104,34,31,33,32,30,105],"class_list":{"0":"post-137844","1":"post","2":"type-post","3":"status-publish","4":"format-standard","5":"has-post-thumbnail","7":"category-underhallning","8":"tag-entertainment","9":"tag-se","10":"tag-svenska","11":"tag-sverige","12":"tag-sweden","13":"tag-swedish","14":"tag-underhallning"},"share_on_mastodon":{"url":"https:\/\/pubeurope.com\/@se\/115903668108024314","error":""},"_links":{"self":[{"href":"https:\/\/www.europesays.com\/se\/wp-json\/wp\/v2\/posts\/137844","targetHints":{"allow":["GET"]}}],"collection":[{"href":"https:\/\/www.europesays.com\/se\/wp-json\/wp\/v2\/posts"}],"about":[{"href":"https:\/\/www.europesays.com\/se\/wp-json\/wp\/v2\/types\/post"}],"author":[{"embeddable":true,"href":"https:\/\/www.europesays.com\/se\/wp-json\/wp\/v2\/users\/2"}],"replies":[{"embeddable":true,"href":"https:\/\/www.europesays.com\/se\/wp-json\/wp\/v2\/comments?post=137844"}],"version-history":[{"count":0,"href":"https:\/\/www.europesays.com\/se\/wp-json\/wp\/v2\/posts\/137844\/revisions"}],"wp:featuredmedia":[{"embeddable":true,"href":"https:\/\/www.europesays.com\/se\/wp-json\/wp\/v2\/media\/137845"}],"wp:attachment":[{"href":"https:\/\/www.europesays.com\/se\/wp-json\/wp\/v2\/media?parent=137844"}],"wp:term":[{"taxonomy":"category","embeddable":true,"href":"https:\/\/www.europesays.com\/se\/wp-json\/wp\/v2\/categories?post=137844"},{"taxonomy":"post_tag","embeddable":true,"href":"https:\/\/www.europesays.com\/se\/wp-json\/wp\/v2\/tags?post=137844"}],"curies":[{"name":"wp","href":"https:\/\/api.w.org\/{rel}","templated":true}]}}