{"id":137846,"date":"2026-01-16T07:52:22","date_gmt":"2026-01-16T07:52:22","guid":{"rendered":"https:\/\/www.europesays.com\/se\/137846\/"},"modified":"2026-01-16T07:52:22","modified_gmt":"2026-01-16T07:52:22","slug":"farjestad-forlorar-forsta-matchen-med-cam-abbott","status":"publish","type":"post","link":"https:\/\/www.europesays.com\/se\/137846\/","title":{"rendered":"F\u00e4rjestad f\u00f6rlorar f\u00f6rsta matchen med Cam Abbott"},"content":{"rendered":"<p><strong>Mot HV71 gjorde Cam Abbott sin f\u00f6rsta match som tr\u00e4nare f\u00f6r <a href=\"https:\/\/hockeysverige.se\/klubb\/farjestad-bk\/\" rel=\"nofollow noopener\" target=\"_blank\">F\u00e4rjestad BK<\/a>.<br \/>D\u00e5 fick Abbott se sitt nya lag falla ihop och f\u00f6rlora med 5-3 mot bottenlaget.<br \/>\u2013 Jag \u00e4r besviken \u00f6ver hur vi reagerade n\u00e4r vi sl\u00e4pper in m\u00e5l i andra perioden, s\u00e4ger Cam Abbott.<\/strong><\/p>\n<p>J\u00d6NK\u00d6PING (HOCKEYSVERIGE.SE)<\/p>\n<p>Efter att ha sparkat J\u00f6rgen J\u00f6nsson var F\u00e4rjestad snabba i sin rekrytering av en <a href=\"https:\/\/hockeysverige.se\/shl\/klart-cam-abbott-ny-tranare-farjestad-jorgen-jonsson\/\" rel=\"nofollow noopener\" target=\"_blank\">ny huvudtr\u00e4nare i form av Cam Abbott<\/a>. Han landade i Karlstad tidigare i veckan och h\u00f6ll i sin f\u00f6rsta tr\u00e4ning i g\u00e5r, onsdag.<\/p>\n<p>Under torsdagen st\u00e4llde han sig ocks\u00e5 i b\u00e5set f\u00f6r f\u00f6rsta g\u00e5ngen med FBK-emblemet p\u00e5 sin kavaj. F\u00e4rjestad kom f\u00f6rst ut starkt och gjorde en bra f\u00f6rsta period p\u00e5 bortaplan mot <a href=\"https:\/\/hockeysverige.se\/klubb\/hv71\/\" rel=\"nofollow noopener\" target=\"_blank\">HV71<\/a>, men d\u00e4refter f\u00f6ll laget ihop.<\/p>\n<p>Efter hela fem (!) insl\u00e4ppta m\u00e5l i den andra perioden slutade det med att F\u00e4rjestad f\u00f6rlorade med 5-3 i Husqvarna Garden.<\/p>\n<p>\u2013 Vi f\u00e5r en bra start och jag \u00e4r n\u00f6jd att vi kommer ut med mycket energi. I f\u00f6rsta perioden hade vi en bra balans och vi fick bra resultat p\u00e5 \u00e4ndringarna som vi har pratat om. Sedan straffas vi av andra perioden. Vi sl\u00e4pper in fem m\u00e5l och vi k\u00e4nns r\u00e4tt br\u00e4ckliga d\u00e4r. Jag \u00e4r besviken \u00f6ver hur vi reagerade efter deras 3-2-m\u00e5l och vi sl\u00e4pper in tv\u00e5 snabba m\u00e5l direkt efter det. D\u00e5 \u00e4r det sv\u00e5rt att gr\u00e4va sig ur gropen n\u00e4r man hamnar i ett s\u00e5 stort underl\u00e4ge., s\u00e4ger Cam Abbott p\u00e5 presskonferensen efter f\u00f6rlusten.<\/p>\n<p>Spelarnas besvikelse: \u201dDet \u00e4r alldeles f\u00f6r d\u00e5ligt\u201d<\/p>\n<p>Offensivt visade F\u00e4rjestad stundtals fina tendenser men det var i defensiven som v\u00e4rml\u00e4nningarna gick bort sig och gjorde det sv\u00e5rt f\u00f6r sig sj\u00e4lva. Lagkaptenen <a href=\"https:\/\/hockeysverige.se\/spelare\/linus-johansson\/\" rel=\"nofollow noopener\" target=\"_blank\">Linus Johansson<\/a> v\u00e4drar ocks\u00e5 sin frustration efter att F\u00e4rjestad nu har f\u00f6rlorat sex raka matcher i SHL.<\/p>\n<p>\u2013 Onekligen \u00e4r det ju andra perioden som s\u00e4nker oss. Det var alldeles f\u00f6r d\u00e5ligt. Vi hade f\u00f6r d\u00e5lig desperation framf\u00f6r eget m\u00e5l och i egen zon, framf\u00f6r allt under andra perioden. Samtidigt har vi ocks\u00e5 saker att bygga p\u00e5. F\u00f6rsta perioden \u00e4r ju riktigt bra och tredje tycker jag \u00e4r riktigt bra ocks\u00e5. Vi blir h\u00e5rt straffade f\u00f6r r\u00e4tt stora misstag som vi g\u00f6r, s\u00e4ger Johansson till hockeysverige.se. <\/p>\n<p>Trotj\u00e4naren och klubbikonen <a href=\"https:\/\/hockeysverige.se\/spelare\/per-aslund\" rel=\"nofollow noopener\" target=\"_blank\">Per \u00c5slund<\/a> var ocks\u00e5 besviken \u00f6ver insatsen mot HV71.<\/p>\n<p>\u2013 Vi g\u00f6r en bra f\u00f6rsta period sedan tappar vi det mesta i andra. Det \u00e4r tungt som fan och det \u00e4r inte bra nog. Vi m\u00e5ste hitta v\u00e4gar f\u00f6r att komma upp och spela bra i 60 minuter, s\u00e4ger \u201d\u00c5sa\u201d. <\/p>\n<p>Cam Abbott: \u201dDet finns mycket som vi beh\u00f6ver g\u00f6ra b\u00e4ttre\u201d<\/p>\n<p>F\u00e4rjestad har nu sex raka f\u00f6rluster i SHL och ligger bara sju po\u00e4ng f\u00f6re just HV71 p\u00e5 kvalplats. <\/p>\n<p><strong>Linus, man ser ju att kvalit\u00e9n finns i laget men ni f\u00e5r inte riktigt till det, skulle du s\u00e4ga att mycket sitter mentalt f\u00f6r er nu?<br \/><\/strong>\u2013 Det enda mentala som vi snackar om nu \u00e4r att studsa tillbaka och vara stenh\u00e5rda. Vi ska bara se fram\u00e5t nu. Nu kan vi inte g\u00f6ra ett skit \u00e5t den h\u00e4r matchen, och s\u00e5 \u00e4r det med det. Nu \u00e4r det bara upp p\u00e5 h\u00e4sten igen och f\u00f6rbereda oss f\u00f6r n\u00e4sta. Vi m\u00e5ste l\u00e4ra oss att g\u00e5 vidare hela tiden. Det finns ingenting annat, s\u00e4ger FBK-kaptenen. <\/p>\n<p>F\u00e4rjestad gjorde 40 bra minuter men straffades av ett svagt spel i andra perioden. Cam Abbott har nu en del att fundera p\u00e5 inf\u00f6r l\u00f6rdagens hemmamatch mot Bryn\u00e4s. <\/p>\n<p><strong>Vad \u00e4r det som ni beh\u00f6ver jobba p\u00e5 till n\u00e4sta match? <br \/><\/strong>\u2013 Det finns m\u00e5nga saker som vi beh\u00f6ver g\u00f6ra b\u00e4ttre som hockeylag. Vi m\u00e5ste vara b\u00e4ttre framf\u00f6r m\u00e5let, d\u00e4r var vi f\u00f6r svaga under en tio minuters period och det \u00e4r ocks\u00e5 d\u00e4r som de vinner matchen. Sedan tycker jag ocks\u00e5 att det finns mycket positivt som vi kan ta med oss och bygga p\u00e5 till n\u00e4sta match. Samtidigt m\u00e5ste vi ocks\u00e5 peka ut vad som kostade oss i kv\u00e4ll, och det \u00e4r framf\u00f6r allt spelet framf\u00f6r m\u00e5l, svarar F\u00e4rjestads nya tr\u00e4nare. <\/p>\n<p>Per \u00c5slund \u00e4r ocks\u00e5 inne p\u00e5 att F\u00e4rjestad m\u00e5ste vara optimistiska trots den anstr\u00e4ngda situationen. <\/p>\n<p>\u2013 I det skedet som vi \u00e4r i nu m\u00e5ste vi hitta de positiva aspekterna och ta med dem. Det g\u00e5r inte att grotta ner sig f\u00f6r mycket just nu utan vi m\u00e5ste hitta de positiva bitarna och jobba vidare d\u00e4rifr\u00e5n, s\u00e4ger veteranen. <\/p>\n<p> Source: <a href=\"https:\/\/www.eliteprospects.com\/team\/4\/undefined\" target=\"_blank\" rel=\"noopener noreferrer nofollow\">F\u00e4rjestad BK<\/a> @ Elite Prospects<\/p>\n","protected":false},"excerpt":{"rendered":"Mot HV71 gjorde Cam Abbott sin f\u00f6rsta match som tr\u00e4nare f\u00f6r F\u00e4rjestad BK.D\u00e5 fick Abbott se sitt nya&hellip;\n","protected":false},"author":2,"featured_media":137847,"comment_status":"","ping_status":"","sticky":false,"template":"","format":"standard","meta":{"footnotes":""},"categories":[5],"tags":[22,23,26,27,17,21,24,25,28,29,15,16,18,34,134,31,33,32,30,19,379,20],"class_list":{"0":"post-137846","1":"post","2":"type-post","3":"status-publish","4":"format-standard","5":"has-post-thumbnail","7":"category-rubriker","8":"tag-breaking-news","9":"tag-breakingnews","10":"tag-featured-news","11":"tag-featurednews","12":"tag-headlines","13":"tag-huvudnyheter","14":"tag-latest-news","15":"tag-latestnews","16":"tag-main-news","17":"tag-mainnews","18":"tag-news","19":"tag-nyheter","20":"tag-rubriker","21":"tag-se","22":"tag-shl","23":"tag-svenska","24":"tag-sverige","25":"tag-sweden","26":"tag-swedish","27":"tag-top-stories","28":"tag-top-article","29":"tag-topstories"},"share_on_mastodon":{"url":"https:\/\/pubeurope.com\/@se\/115903695636291771","error":""},"_links":{"self":[{"href":"https:\/\/www.europesays.com\/se\/wp-json\/wp\/v2\/posts\/137846","targetHints":{"allow":["GET"]}}],"collection":[{"href":"https:\/\/www.europesays.com\/se\/wp-json\/wp\/v2\/posts"}],"about":[{"href":"https:\/\/www.europesays.com\/se\/wp-json\/wp\/v2\/types\/post"}],"author":[{"embeddable":true,"href":"https:\/\/www.europesays.com\/se\/wp-json\/wp\/v2\/users\/2"}],"replies":[{"embeddable":true,"href":"https:\/\/www.europesays.com\/se\/wp-json\/wp\/v2\/comments?post=137846"}],"version-history":[{"count":0,"href":"https:\/\/www.europesays.com\/se\/wp-json\/wp\/v2\/posts\/137846\/revisions"}],"wp:featuredmedia":[{"embeddable":true,"href":"https:\/\/www.europesays.com\/se\/wp-json\/wp\/v2\/media\/137847"}],"wp:attachment":[{"href":"https:\/\/www.europesays.com\/se\/wp-json\/wp\/v2\/media?parent=137846"}],"wp:term":[{"taxonomy":"category","embeddable":true,"href":"https:\/\/www.europesays.com\/se\/wp-json\/wp\/v2\/categories?post=137846"},{"taxonomy":"post_tag","embeddable":true,"href":"https:\/\/www.europesays.com\/se\/wp-json\/wp\/v2\/tags?post=137846"}],"curies":[{"name":"wp","href":"https:\/\/api.w.org\/{rel}","templated":true}]}}