{"id":137850,"date":"2026-01-16T07:58:08","date_gmt":"2026-01-16T07:58:08","guid":{"rendered":"https:\/\/www.europesays.com\/se\/137850\/"},"modified":"2026-01-16T07:58:08","modified_gmt":"2026-01-16T07:58:08","slug":"trump-tackar-machado-for-nobelmedalj-hufvudstadsbladet","status":"publish","type":"post","link":"https:\/\/www.europesays.com\/se\/137850\/","title":{"rendered":"Trump tackar Machado f\u00f6r Nobelmedalj &#8211; Hufvudstadsbladet"},"content":{"rendered":"<ol>\n<li><a href=\"https:\/\/news.google.com\/rss\/articles\/CBMidkFVX3lxTE5wOEU2MkdIeUszNFI0eXdvU2s2ZnZTM1NDVThmLWFEUm5qQjZKOVBLOHpYUzdpbEd4cWtBZTRKaDNaVWdTeUhrRGx5X0xkUjBvYmd1aHFYb0s2bjA5eEFGbVhjQlNVeXI4QzB3RHNwaU9HU0VGMXc?oc=5\" target=\"_blank\" rel=\"nofollow noopener\">Trump tackar Machado f\u00f6r Nobelmedalj<\/a>&nbsp;&nbsp;Hufvudstadsbladet<\/li>\n<li><a href=\"https:\/\/news.google.com\/rss\/articles\/CBMimAFBVV95cUxPV3Itejd5ZWxHNTRPaGhWSnFCVEgwRnBjMVdxbDhuYTM0RFBrMjc5SXZ4SmVYRFl0bjBVd285QlNqYWNxTUxnSi1Hcjh4dUpSS0k3RmlLampvNHI3a2s0U3I0OTBMakc4eW9xLVFYRHp4QXdvMGMydnlFdElZYllxR25vWmdpYzBGald3RFM3NFhvcXYxUm4tLQ?oc=5\" target=\"_blank\" rel=\"nofollow noopener\">Machado: Erbj\u00f6d Trump min fredsprismedalj<\/a>&nbsp;&nbsp;SVT Nyheter<\/li>\n<li><a href=\"https:\/\/news.google.com\/rss\/articles\/CBMipwFBVV95cUxQelgzNllKNDVwbGtqTklLMDVVQl9VT20zYVA2amNIVVVORmhnUWwyUnRjTjFadU5xSTFIeDg0Y094aGI3THRZNHk2aDVxazVKd2lyUERWTG5aS1d4c19NdndZMW9CdVZJYWt1TTFwU2JRei1fb1JVa2ZYNUtXNmF4SThTNEpJbzI5UzFlTlN6dWkzZ2JSd0xOSjZhQWd2d2JQQ1BWZ3hJVQ?oc=5\" target=\"_blank\" rel=\"nofollow noopener\">Norska experten om Machados \u00f6verl\u00e4mnande av fredsmedaljen: \u201dPatetiskt\u201d<\/a>&nbsp;&nbsp;Sveriges Radio<\/li>\n<li><a href=\"https:\/\/news.google.com\/rss\/articles\/CBMiigFBVV95cUxNUEpHcDdrTmFFOGlOTk95TTcwOS1RZHNZMkp6RDVrd1pNZWo3Ynd5RkVVQ1lhaWpQNUF6QWtTZmgzYmgtWC1oTUkweEhzbmg1UERLOTVUQ1dKTEpBZTBlMmNfNjJHbS1LeEVwZVBJQ3NMaVRycGZkakgzOWhmbm0xVGc1YS1malZWQWc?oc=5\" target=\"_blank\" rel=\"nofollow noopener\">Machado har gett Trump sin fredsprismedalj<\/a>&nbsp;&nbsp;Aftonbladet<\/li>\n<li><a href=\"https:\/\/news.google.com\/rss\/articles\/CBMiekFVX3lxTFB5c2xRRi1DeE5STW53ekdKN1VhWXl4THhhMUJXLUxRbkM4b3NqclBjcklUcTVKNmNpeU84a0ZZOW0yMXh0S2JDYW1KclQyd0EwQl9CWXlMTl9ITzBNcERyVTVzbFF5YXZ0V1pYNXprT2k1d1ZSMU95T0JB?oc=5\" target=\"_blank\" rel=\"nofollow noopener\">SvD Morgonrapport: Machado ger bort sitt fredspris \u2013 f\u00e5r kritik<\/a>&nbsp;&nbsp;SvD<\/li>\n<\/ol>\n","protected":false},"excerpt":{"rendered":"Trump tackar Machado f\u00f6r Nobelmedalj&nbsp;&nbsp;Hufvudstadsbladet Machado: Erbj\u00f6d Trump min fredsprismedalj&nbsp;&nbsp;SVT Nyheter Norska experten om Machados \u00f6verl\u00e4mnande av fredsmedaljen:&hellip;\n","protected":false},"author":2,"featured_media":137851,"comment_status":"","ping_status":"","sticky":false,"template":"","format":"standard","meta":{"footnotes":""},"categories":[14],"tags":[22,23,26,27,17,21,24,25,28,29,15,16,18,34,31,33,32,30,19,20,51,52,53,54],"class_list":{"0":"post-137850","1":"post","2":"type-post","3":"status-publish","4":"format-standard","5":"has-post-thumbnail","7":"category-varlden","8":"tag-breaking-news","9":"tag-breakingnews","10":"tag-featured-news","11":"tag-featurednews","12":"tag-headlines","13":"tag-huvudnyheter","14":"tag-latest-news","15":"tag-latestnews","16":"tag-main-news","17":"tag-mainnews","18":"tag-news","19":"tag-nyheter","20":"tag-rubriker","21":"tag-se","22":"tag-svenska","23":"tag-sverige","24":"tag-sweden","25":"tag-swedish","26":"tag-top-stories","27":"tag-topstories","28":"tag-varlden","29":"tag-world","30":"tag-world-news","31":"tag-worldnews"},"share_on_mastodon":{"url":"https:\/\/pubeurope.com\/@se\/115903719207730273","error":""},"_links":{"self":[{"href":"https:\/\/www.europesays.com\/se\/wp-json\/wp\/v2\/posts\/137850","targetHints":{"allow":["GET"]}}],"collection":[{"href":"https:\/\/www.europesays.com\/se\/wp-json\/wp\/v2\/posts"}],"about":[{"href":"https:\/\/www.europesays.com\/se\/wp-json\/wp\/v2\/types\/post"}],"author":[{"embeddable":true,"href":"https:\/\/www.europesays.com\/se\/wp-json\/wp\/v2\/users\/2"}],"replies":[{"embeddable":true,"href":"https:\/\/www.europesays.com\/se\/wp-json\/wp\/v2\/comments?post=137850"}],"version-history":[{"count":0,"href":"https:\/\/www.europesays.com\/se\/wp-json\/wp\/v2\/posts\/137850\/revisions"}],"wp:featuredmedia":[{"embeddable":true,"href":"https:\/\/www.europesays.com\/se\/wp-json\/wp\/v2\/media\/137851"}],"wp:attachment":[{"href":"https:\/\/www.europesays.com\/se\/wp-json\/wp\/v2\/media?parent=137850"}],"wp:term":[{"taxonomy":"category","embeddable":true,"href":"https:\/\/www.europesays.com\/se\/wp-json\/wp\/v2\/categories?post=137850"},{"taxonomy":"post_tag","embeddable":true,"href":"https:\/\/www.europesays.com\/se\/wp-json\/wp\/v2\/tags?post=137850"}],"curies":[{"name":"wp","href":"https:\/\/api.w.org\/{rel}","templated":true}]}}