{"id":137855,"date":"2026-01-16T08:11:07","date_gmt":"2026-01-16T08:11:07","guid":{"rendered":"https:\/\/www.europesays.com\/se\/137855\/"},"modified":"2026-01-16T08:11:07","modified_gmt":"2026-01-16T08:11:07","slug":"kan-tvingas-lamna-shl-det-ar-en-skitsituation-shl","status":"publish","type":"post","link":"https:\/\/www.europesays.com\/se\/137855\/","title":{"rendered":"Kan tvingas l\u00e4mna SHL: \u201dDet \u00e4r en skitsituation\u201d | SHL"},"content":{"rendered":"<p>Publicerad 16 jan 2026 kl 08.24<\/p>\n<p>V\u00e4xj\u00f6backen Brian Cooper har blivit en stor profil under sina \u00e5r i Sverige.\u00a0<\/p>\n<p>Men enligt Expressens uppgifter talar mycket f\u00f6r att det h\u00e4r \u00e4r sista s\u00e4songen i landet f\u00f6r amerikanen.\u00a0<\/p>\n<p>\u2013 Jag hatar att det ska komma ner till pengar, s\u00e4ger Cooper till Expressen.\u00a0<\/p>\n<p><img   alt=\"\"\/><\/p>\n<p>Brian Cooper.<\/p>\n<p>Foto: JONAS LJUNGDAHL \/ BILDBYR\u00c5N<\/p>\n<p>\u00d6ppna bild i helsk\u00e4rm<\/p>\n<p>Amerikanen Brian Cooper kom till Sverige 2019 d\u00e5 han v\u00e4rvades av AIK.\u00a0<\/p>\n<p>Sedan dess har han \u2013 via Bj\u00f6rkl\u00f6ven, Oskarshamn och nu V\u00e4xj\u00f6 \u2013 etablerat sig som en av <a href=\"https:\/\/www.expressen.se\/tagg\/organization\/shl\/\" class=\"\" rel=\"nofollow noopener\" target=\"_blank\">SHL<\/a>:s mest f\u00e4rgstarka importer under sina sju \u00e5r i landet.<\/p>\n<p>Men den h\u00e4r s\u00e4songen kan bli hans sista i Sverige.\u00a0<\/p>\n<p>Enligt uppgifter till Expressen v\u00e4ntas backen l\u00e4mna V\u00e4xj\u00f6 efter s\u00e4songen, och mycket talar f\u00f6r att hans tid i svensk hockey \u00e4r \u00f6ver. Anledningen: skattesk\u00e4l.\u00a0<\/p>\n<p>\u2013 Det \u00e4r en s\u00e5 j\u00e4kla tr\u00e5kig grej. Jag hatar att det ska komma ner till pengar, men det \u00e4r den amerikanska staten. Jag vill inte hamna i en situation d\u00e4r jag m\u00e5ste betala en massa bara f\u00f6r hur kontrakten \u00e4r upplagda, s\u00e4ger han n\u00e4r Expressen tr\u00e4ffar honom efter 4\u20131 segern p\u00e5 Hovet.\u00a0<\/p>\n<p>Cooper beh\u00f6ver n\u00e4mligen ta ut sin s\u00e5 kallade sign off-bonus i v\u00e5r. Den stora klumpsumman som betalas ut efter s\u00e4songen \u2013 inneb\u00e4r att amerikanska spelare riskerar en betydande skattechock n\u00e4r de \u00e5terv\u00e4nder hem.<\/p>\n<p>\u2013 Under s\u00e4songen funkar allt bra. Men p\u00e5 sign offen sparar klubben 12\u201315 procent, och jag m\u00e5ste betala mellanskillnaden i USA. Amerikaner blir lite bl\u00e5sta av hur avtalen \u00e4r strukturerade. Det \u00e4r en skitsituation, s\u00e4ger han besviket.\u00a0<\/p>\n<p>Cooper ber\u00e4ttar att han nyligen \u00f6ppnat dialog med sin agent om framtiden.\u00a0<\/p>\n<p>\u2013 Jag \u00e4r inte panikslagen, men jag vill inte sitta d\u00e4r och h\u00f6ra: \u201dVi visste inte vad som h\u00e4nde.\u201d S\u00e5 jag bad honom prata med \u201dHenke\u201d (Henrik Evertsson, sportchef i V\u00e4xj\u00f6) och kolla vad som \u00e4r m\u00f6jligt.\u00a0<\/p>\n<p>\u2013 Det ligger liksom utanf\u00f6r min\u2026 inte makt, men min kunskap om hur det funkar. F\u00f6rhoppningsvis kan det l\u00f6sas, f\u00f6r det \u00e4r som sagt en tuff konstruktion p\u00e5 kontrakten. Kanadensare, finl\u00e4ndare eller andra importer har det annorlunda. Amerikaner blir lite bl\u00e5sta, s\u00e4ger han.\u00a0<\/p>\n<p><img loading=\"lazy\"   alt=\"\"\/><\/p>\n<p>Cooper har<\/p>\n<p>Foto: CHRISTIAN \u00d6RNBERG \/ BILDBYR\u00c5N<\/p>\n<p>\u00d6ppna bild i helsk\u00e4rm<\/p>\n<p>Den 32-\u00e5rige tv\u00e5v\u00e4gsbacken st\u00e4nger dock inte d\u00f6rren f\u00f6r en forts\u00e4ttning i Sverige helt och h\u00e5llet:\u00a0<\/p>\n<p>\u2013 Jag \u00e4r absolut \u00f6ppen f\u00f6r att stanna h\u00e4r. Jag \u00e4lskar Sverige. Det handlar bara om att f\u00f6rs\u00f6ka l\u00f6sa n\u00e5got. (Brendan) Shinnimin har gjort det, Broc Little har gjort det, det finns m\u00e5nga bra spelare som l\u00f6st det. Men som sagt, kontraktsstrukturen \u00e4r som den \u00e4r.<\/p>\n<p><strong>Hur ser du tillbaka p\u00e5 dina \u00e5r h\u00e4r?<\/strong><\/p>\n<p>\u2013 Jag \u00e4lskar det. Vi gillar Sverige, vi har f\u00e5tt v\u00e5ra tre barn h\u00e4r, s\u00e5 Sverige betyder mycket f\u00f6r oss. Jag skriver inte av Sverige p\u00e5 n\u00e5got s\u00e4tt. Jag vet bara inte hur framtiden blir.<\/p>\n<p>\u2013 Det \u00e4r d\u00e4rf\u00f6r jag har agenter som sk\u00f6ter allt s\u00e5 jag kan fokusera p\u00e5 mitt spel. N\u00e4r jag beh\u00f6ver kliva in, g\u00f6r jag det. Men just nu \u00e4r det dag f\u00f6r dag, vecka f\u00f6r vecka, och f\u00f6rhoppningsvis l\u00f6ser det sig snart.<\/p>\n","protected":false},"excerpt":{"rendered":"Publicerad 16 jan 2026 kl 08.24 V\u00e4xj\u00f6backen Brian Cooper har blivit en stor profil under sina \u00e5r i&hellip;\n","protected":false},"author":2,"featured_media":137856,"comment_status":"","ping_status":"","sticky":false,"template":"","format":"standard","meta":{"footnotes":""},"categories":[68],"tags":[1179,2291,34,255,823,111,110,31,33,32,30],"class_list":{"0":"post-137855","1":"post","2":"type-post","3":"status-publish","4":"format-standard","5":"has-post-thumbnail","7":"category-sport","8":"tag-organization-shl","9":"tag-organization-vaxjo-lakers","10":"tag-se","11":"tag-sections-ishockey","12":"tag-sections-shl","13":"tag-sport","14":"tag-sports","15":"tag-svenska","16":"tag-sverige","17":"tag-sweden","18":"tag-swedish"},"share_on_mastodon":{"url":"https:\/\/pubeurope.com\/@se\/115903770276140764","error":""},"_links":{"self":[{"href":"https:\/\/www.europesays.com\/se\/wp-json\/wp\/v2\/posts\/137855","targetHints":{"allow":["GET"]}}],"collection":[{"href":"https:\/\/www.europesays.com\/se\/wp-json\/wp\/v2\/posts"}],"about":[{"href":"https:\/\/www.europesays.com\/se\/wp-json\/wp\/v2\/types\/post"}],"author":[{"embeddable":true,"href":"https:\/\/www.europesays.com\/se\/wp-json\/wp\/v2\/users\/2"}],"replies":[{"embeddable":true,"href":"https:\/\/www.europesays.com\/se\/wp-json\/wp\/v2\/comments?post=137855"}],"version-history":[{"count":0,"href":"https:\/\/www.europesays.com\/se\/wp-json\/wp\/v2\/posts\/137855\/revisions"}],"wp:featuredmedia":[{"embeddable":true,"href":"https:\/\/www.europesays.com\/se\/wp-json\/wp\/v2\/media\/137856"}],"wp:attachment":[{"href":"https:\/\/www.europesays.com\/se\/wp-json\/wp\/v2\/media?parent=137855"}],"wp:term":[{"taxonomy":"category","embeddable":true,"href":"https:\/\/www.europesays.com\/se\/wp-json\/wp\/v2\/categories?post=137855"},{"taxonomy":"post_tag","embeddable":true,"href":"https:\/\/www.europesays.com\/se\/wp-json\/wp\/v2\/tags?post=137855"}],"curies":[{"name":"wp","href":"https:\/\/api.w.org\/{rel}","templated":true}]}}