{"id":137857,"date":"2026-01-16T08:18:09","date_gmt":"2026-01-16T08:18:09","guid":{"rendered":"https:\/\/www.europesays.com\/se\/137857\/"},"modified":"2026-01-16T08:18:09","modified_gmt":"2026-01-16T08:18:09","slug":"privatiserade-statliga-institutioner-sydkoreas-ex-president-doms","status":"publish","type":"post","link":"https:\/\/www.europesays.com\/se\/137857\/","title":{"rendered":"\u201dPrivatiserade\u201d statliga institutioner \u2013 Sydkoreas ex-president d\u00f6ms"},"content":{"rendered":"<p>Domen var h\u00e4lften av vad special\u00e5klagaren hade beg\u00e4rt f\u00f6rra m\u00e5naden, med motiveringen att den f\u00f6re detta presidenten beg\u00e5tt ett \u201dallvarligt brott\u201d genom att \u201dprivatisera\u201d statliga institutioner i syfte att d\u00f6lja och r\u00e4ttf\u00e4rdiga sina brottsliga handlingar.<\/p>\n<p>Domen \u00e4r den f\u00f6rsta i en serie r\u00e4ttsprocesser kopplade till de krigslagar som Yoon Suk-Yeol inf\u00f6rde i december 2024. Han avsattes senare efter att f\u00f6rfattningsdomstolen slagit fast att n\u00e5gon kris inte f\u00f6rel\u00e5g, och han \u00e4r fortsatt anklagad f\u00f6r att ha lett ett uppror i vad som beskrivs som ett kuppf\u00f6rs\u00f6k.<\/p>\n<p>Special\u00e5klagare kr\u00e4vde d\u00f6dsstraff f\u00f6r Yoon tidigare i veckan. Domstolen ska avg\u00f6ra fallet den 19 februari. Den tidigare presidenten st\u00e5r inf\u00f6r totalt \u00e5tta r\u00e4tteg\u00e5ngar i samband med f\u00f6rs\u00f6ket till krigslagar, hans frus p\u00e5st\u00e5dda korruption och en marinsoldats d\u00f6d 2023, skriver <a href=\"https:\/\/en.yna.co.kr\/view\/AEN20260116001152315\" rel=\"nofollow noopener\" target=\"_blank\">sydkoreanska Yonhap<\/a>.<\/p>\n","protected":false},"excerpt":{"rendered":"Domen var h\u00e4lften av vad special\u00e5klagaren hade beg\u00e4rt f\u00f6rra m\u00e5naden, med motiveringen att den f\u00f6re detta presidenten beg\u00e5tt&hellip;\n","protected":false},"author":2,"featured_media":137858,"comment_status":"","ping_status":"","sticky":false,"template":"","format":"standard","meta":{"footnotes":""},"categories":[5],"tags":[22,23,26,27,17,21,24,25,28,29,15,16,18,34,31,33,32,30,19,20],"class_list":{"0":"post-137857","1":"post","2":"type-post","3":"status-publish","4":"format-standard","5":"has-post-thumbnail","7":"category-rubriker","8":"tag-breaking-news","9":"tag-breakingnews","10":"tag-featured-news","11":"tag-featurednews","12":"tag-headlines","13":"tag-huvudnyheter","14":"tag-latest-news","15":"tag-latestnews","16":"tag-main-news","17":"tag-mainnews","18":"tag-news","19":"tag-nyheter","20":"tag-rubriker","21":"tag-se","22":"tag-svenska","23":"tag-sverige","24":"tag-sweden","25":"tag-swedish","26":"tag-top-stories","27":"tag-topstories"},"share_on_mastodon":{"url":"https:\/\/pubeurope.com\/@se\/115903797886323602","error":""},"_links":{"self":[{"href":"https:\/\/www.europesays.com\/se\/wp-json\/wp\/v2\/posts\/137857","targetHints":{"allow":["GET"]}}],"collection":[{"href":"https:\/\/www.europesays.com\/se\/wp-json\/wp\/v2\/posts"}],"about":[{"href":"https:\/\/www.europesays.com\/se\/wp-json\/wp\/v2\/types\/post"}],"author":[{"embeddable":true,"href":"https:\/\/www.europesays.com\/se\/wp-json\/wp\/v2\/users\/2"}],"replies":[{"embeddable":true,"href":"https:\/\/www.europesays.com\/se\/wp-json\/wp\/v2\/comments?post=137857"}],"version-history":[{"count":0,"href":"https:\/\/www.europesays.com\/se\/wp-json\/wp\/v2\/posts\/137857\/revisions"}],"wp:featuredmedia":[{"embeddable":true,"href":"https:\/\/www.europesays.com\/se\/wp-json\/wp\/v2\/media\/137858"}],"wp:attachment":[{"href":"https:\/\/www.europesays.com\/se\/wp-json\/wp\/v2\/media?parent=137857"}],"wp:term":[{"taxonomy":"category","embeddable":true,"href":"https:\/\/www.europesays.com\/se\/wp-json\/wp\/v2\/categories?post=137857"},{"taxonomy":"post_tag","embeddable":true,"href":"https:\/\/www.europesays.com\/se\/wp-json\/wp\/v2\/tags?post=137857"}],"curies":[{"name":"wp","href":"https:\/\/api.w.org\/{rel}","templated":true}]}}