{"id":137865,"date":"2026-01-16T08:26:08","date_gmt":"2026-01-16T08:26:08","guid":{"rendered":"https:\/\/www.europesays.com\/se\/137865\/"},"modified":"2026-01-16T08:26:08","modified_gmt":"2026-01-16T08:26:08","slug":"frontalkrock-i-syssleback-svt-nyheter","status":"publish","type":"post","link":"https:\/\/www.europesays.com\/se\/137865\/","title":{"rendered":"Frontalkrock i Syssleb\u00e4ck | SVT Nyheter"},"content":{"rendered":"<p>Larmet inkom till SOS klockan 06.52. Det \u00e4r tv\u00e5 bilar inblandade och v\u00e4gen \u00e4r avst\u00e4ngd i b\u00e5da riktningar. Olyckan har skett i h\u00f6jd med Syssleb\u00e4ck i norra V\u00e4rmland.<\/p>\n<p>\u2013 Ingen av de inblandade personerna ska vara fastkl\u00e4md. Ambulans \u00e4r p\u00e5 v\u00e4g men de har en bit att k\u00f6ra, s\u00e4ger SOS-operat\u00f6ren.<\/p>\n<p>En man i 20-\u00e5rs\u00e5ldern och en kvinna i 25-\u00e5rs\u00e5ldern har f\u00f6rts till sjukhus med ambulans, meddelar polisen. Skadel\u00e4get \u00e4r oklart. <\/p>\n<p>Texten uppdateras.<\/p>\n","protected":false},"excerpt":{"rendered":"Larmet inkom till SOS klockan 06.52. Det \u00e4r tv\u00e5 bilar inblandade och v\u00e4gen \u00e4r avst\u00e4ngd i b\u00e5da riktningar.&hellip;\n","protected":false},"author":2,"featured_media":793,"comment_status":"","ping_status":"","sticky":false,"template":"","format":"standard","meta":{"footnotes":""},"categories":[5],"tags":[22,23,26,27,17,21,24,25,28,29,15,16,18,34,31,33,32,30,19,20],"class_list":{"0":"post-137865","1":"post","2":"type-post","3":"status-publish","4":"format-standard","5":"has-post-thumbnail","7":"category-rubriker","8":"tag-breaking-news","9":"tag-breakingnews","10":"tag-featured-news","11":"tag-featurednews","12":"tag-headlines","13":"tag-huvudnyheter","14":"tag-latest-news","15":"tag-latestnews","16":"tag-main-news","17":"tag-mainnews","18":"tag-news","19":"tag-nyheter","20":"tag-rubriker","21":"tag-se","22":"tag-svenska","23":"tag-sverige","24":"tag-sweden","25":"tag-swedish","26":"tag-top-stories","27":"tag-topstories"},"share_on_mastodon":{"url":"https:\/\/pubeurope.com\/@se\/115903829323389109","error":""},"_links":{"self":[{"href":"https:\/\/www.europesays.com\/se\/wp-json\/wp\/v2\/posts\/137865","targetHints":{"allow":["GET"]}}],"collection":[{"href":"https:\/\/www.europesays.com\/se\/wp-json\/wp\/v2\/posts"}],"about":[{"href":"https:\/\/www.europesays.com\/se\/wp-json\/wp\/v2\/types\/post"}],"author":[{"embeddable":true,"href":"https:\/\/www.europesays.com\/se\/wp-json\/wp\/v2\/users\/2"}],"replies":[{"embeddable":true,"href":"https:\/\/www.europesays.com\/se\/wp-json\/wp\/v2\/comments?post=137865"}],"version-history":[{"count":0,"href":"https:\/\/www.europesays.com\/se\/wp-json\/wp\/v2\/posts\/137865\/revisions"}],"wp:featuredmedia":[{"embeddable":true,"href":"https:\/\/www.europesays.com\/se\/wp-json\/wp\/v2\/media\/793"}],"wp:attachment":[{"href":"https:\/\/www.europesays.com\/se\/wp-json\/wp\/v2\/media?parent=137865"}],"wp:term":[{"taxonomy":"category","embeddable":true,"href":"https:\/\/www.europesays.com\/se\/wp-json\/wp\/v2\/categories?post=137865"},{"taxonomy":"post_tag","embeddable":true,"href":"https:\/\/www.europesays.com\/se\/wp-json\/wp\/v2\/tags?post=137865"}],"curies":[{"name":"wp","href":"https:\/\/api.w.org\/{rel}","templated":true}]}}