{"id":137887,"date":"2026-01-16T08:50:12","date_gmt":"2026-01-16T08:50:12","guid":{"rendered":"https:\/\/www.europesays.com\/se\/137887\/"},"modified":"2026-01-16T08:50:12","modified_gmt":"2026-01-16T08:50:12","slug":"sydkoreas-avsatta-president-doms-till-flera-ars-fangelse-for-maktmissbruk-utrikes","status":"publish","type":"post","link":"https:\/\/www.europesays.com\/se\/137887\/","title":{"rendered":"Sydkoreas avsatta president d\u00f6ms till flera \u00e5rs f\u00e4ngelse f\u00f6r maktmissbruk | Utrikes"},"content":{"rendered":"<p class=\"aw-1gybjub aw-5vja16 kEtdKx kmuxyA yle__article__paragraph\">Detta \u00e4r den f\u00f6rsta r\u00e4tteg\u00e5ngen av fyra mot presidenten och kan komma att leda till d\u00f6dsstraff.<\/p>\n<p><img decoding=\"async\" alt=\"Sydkoreas avsatte president Yoon Suk-yeol syns p\u00e5 en stor TV-sk\u00e4rm \" src=\"https:\/\/www.europesays.com\/se\/wp-content\/uploads\/2026\/01\/39-15824246969e96e0ae6b.jpeg\" class=\"aw-1l9m598 hKVVvP\"\/><\/p>\n<p>\u00d6ppna bildvisare<\/p>\n<p>Yoon Suk-yeol talar under en nyhetss\u00e4ndning den 3 december 2024, efter att han utlyst undantagstillst\u00e5nd och f\u00f6rklarat att \u00e5tg\u00e4rden var n\u00f6dv\u00e4ndig f\u00f6r att skydda landet mot \u201dkommunistiska krafter\u201d. Bild: LehtikuvaLyssna (du h\u00f6r en artificiell r\u00f6st) 2:35<\/p>\n<p class=\"aw-1gybjub aw-1p7kakr kEtdKx cEmitX yle__article__paragraph\">Sydkoreas avsatta president <strong class=\"aw-ak79eh KyCXm yle__article__strong\">Yoon Suk-yeol<\/strong> har befunnits skyldig till maktmissbruk, f\u00f6rfalskning av dokument och f\u00f6rsv\u00e5rande av r\u00e4ttvisans g\u00e5ng i samband med hans beslut att inf\u00f6ra ett illegalt<a class=\"aw-iao6s4 iHOxEa yle__article__link\" href=\"https:\/\/yle.fi\/a\/7-10069133\" role=\"link\" rel=\"nofollow noopener\" target=\"_blank\"> undantagstillst\u00e5nd<\/a> \u00e5r 2024.<\/p>\n<p class=\"aw-1gybjub aw-1p7kakr kEtdKx cEmitX yle__article__paragraph\">\u00c5klagarna hade yrkat p\u00e5 10 \u00e5rs f\u00e4ngelse f\u00f6r de h\u00e4r \u00e5talspunkterna, men i slut\u00e4ndan blev resultatet fem \u00e5r.<\/p>\n<p class=\"aw-1gybjub aw-1p7kakr kEtdKx cEmitX yle__article__paragraph\">Yoon d\u00f6ms f\u00f6r att han inte r\u00e5dfr\u00e5gade sitt kabinett innan han inf\u00f6rde undantagstillst\u00e5nd.<\/p>\n<p class=\"aw-1gybjub aw-1p7kakr kEtdKx cEmitX yle__article__paragraph\">Han d\u00f6ms ocks\u00e5 f\u00f6r att han ska ha skrivit och sedan f\u00f6rst\u00f6rt ett f\u00f6rfalskat dokument som h\u00e4vdade att han hade premi\u00e4rministerns och f\u00f6rsvarsministerns st\u00f6d att inf\u00f6ra undantagstillst\u00e5ndet.<\/p>\n<p class=\"aw-1gybjub aw-1p7kakr kEtdKx cEmitX yle__article__paragraph\">Dessutom d\u00f6ms han f\u00f6r att han anv\u00e4nt president\u00e4mbetets livvakter f\u00f6r att f\u00f6rhindra att myndigheterna kunde arrestera honom, efter att det illegala undantagstillst\u00e5ndet avbl\u00e5sits.<\/p>\n<p class=\"aw-1gybjub aw-1p7kakr kEtdKx cEmitX yle__article__paragraph\">Det h\u00e4r \u00e4r den f\u00f6rsta av totalt fyra r\u00e4tteg\u00e5ngar som ska avhandla en rad \u00e5tal mot Yoon, och domen i dag kan bli riktgivande f\u00f6r de kommande r\u00e4tteg\u00e5ngarna.<\/p>\n<p class=\"aw-1gybjub aw-1p7kakr kEtdKx cEmitX yle__article__paragraph\">Den allvarligaste \u00e5talspunkten handlar om att Yoon ska ha gjort sig skyldig till uppror, vilket i v\u00e4rsta fall kan inneb\u00e4ra d\u00f6dsstraff. Den h\u00e4r domen f\u00f6rv\u00e4ntas komma i februari.<\/p>\n<p>Yoons r\u00e4tteg\u00e5ng visar p\u00e5 politisk splittring<\/p>\n<p class=\"aw-1gybjub aw-1p7kakr kEtdKx cEmitX yle__article__paragraph\">Yoon Suk-yeol skakade om Sydkorea och landets politiska etablissemang d\u00e5 han i december 2024 pl\u00f6tsligt inf\u00f6rde undantagstillst\u00e5nd.<\/p>\n<p class=\"aw-1gybjub aw-1p7kakr kEtdKx cEmitX yle__article__paragraph\">Anledningen han angav var att han f\u00f6rs\u00f6kt stoppa \u201danti-statliga krafter\u201d i Sydkorea som enligt honom konspirerade med Nordkorea mot landet.<\/p>\n<p class=\"aw-1gybjub aw-1p7kakr kEtdKx cEmitX yle__article__paragraph\">M\u00e5nga har ist\u00e4llet pekat p\u00e5 att Yoons \u00e5tg\u00e4rder var ett f\u00f6rs\u00f6k att ta kontrollen \u00f6ver makten f\u00f6r att undvika att sj\u00e4lv st\u00e4llas till svars f\u00f6r diverse politiska problem.<\/p>\n<p class=\"aw-1gybjub aw-1p7kakr kEtdKx cEmitX yle__article__paragraph\">Trots att merparten av sydkoreanerna var chockade och best\u00f6rta av Yoons tilltag 2024 har den avsatta presidenten ocks\u00e5 en trogen f\u00f6ljarskara i det politiskt delade landet.<\/p>\n<p><img decoding=\"async\" alt=\"Sydkorean h\u00e5ller upp en r\u00f6d flagga till st\u00f6d f\u00f6r den avsatte presidenten Yoon Suk-yeol.\" src=\"https:\/\/www.europesays.com\/se\/wp-content\/uploads\/2026\/01\/39-15824276969ea233b836.jpeg\" loading=\"lazy\" class=\"aw-1l9m598 hKVVvP\"\/><\/p>\n<p>\u00d6ppna bildvisare<\/p>\n<p>En del av Yoons anh\u00e4ngare har tagit inspiration av MAGA-r\u00f6relsen i USA som st\u00e5r bakom president Donald Trump, och anv\u00e4nder liknande politiska slagord.  Bild: Lehtikuva<\/p>\n<p class=\"aw-1gybjub aw-1p7kakr kEtdKx cEmitX yle__article__paragraph\">Enligt nyhetskanalen <a class=\"aw-iao6s4 iHOxEa yle__article__link\" href=\"https:\/\/www.bbc.com\/news\/articles\/cy4qdpxp78po\" role=\"link\" rel=\"nofollow noopener\" target=\"_blank\">BBC<\/a> visade en unders\u00f6kning gjord i december 2025 att omkring 30 procent av sydkoreanerna inte ans\u00e5g att Yoons beslut att inf\u00f6ra undantagstillst\u00e5nd ska ses som ett upprorsf\u00f6rs\u00f6k.<\/p>\n<p class=\"aw-1gybjub aw-1p7kakr kEtdKx cEmitX yle__article__paragraph\">Ett hundratal av Yoons anh\u00e4ngare hade samlats utanf\u00f6r domstolen inf\u00f6r domslutet f\u00f6r att visa sitt st\u00f6d.<\/p>\n<p class=\"aw-1gybjub aw-1p7kakr kEtdKx cEmitX yle__article__paragraph\">Yoon har tillbakavisat alla anklagelser och f\u00f6rsvarat sitt agerande under hela processen. Yoon och hans advokater h\u00e4vdar att b\u00e5de utredningen om uppror och arresteringsordern \u00e4r olagliga.<\/p>\n<p class=\"aw-1gybjub aw-1p7kakr kEtdKx cEmitX yle__article__paragraph\">De har nu sju dagar p\u00e5 sig att \u00f6verklaga fredagens dom.<\/p>\n","protected":false},"excerpt":{"rendered":"Detta \u00e4r den f\u00f6rsta r\u00e4tteg\u00e5ngen av fyra mot presidenten och kan komma att leda till d\u00f6dsstraff. \u00d6ppna bildvisare&hellip;\n","protected":false},"author":2,"featured_media":137888,"comment_status":"","ping_status":"","sticky":false,"template":"","format":"standard","meta":{"footnotes":""},"categories":[5],"tags":[22,23,128,2965,26,27,17,21,1742,24,25,28,29,15,16,369,1537,13826,18,34,31,33,32,30,419,19,20,7499,237,13825],"class_list":{"0":"post-137887","1":"post","2":"type-post","3":"status-publish","4":"format-standard","5":"has-post-thumbnail","7":"category-rubriker","8":"tag-breaking-news","9":"tag-breakingnews","10":"tag-brott","11":"tag-domar","12":"tag-featured-news","13":"tag-featurednews","14":"tag-headlines","15":"tag-huvudnyheter","16":"tag-internationell-politik","17":"tag-latest-news","18":"tag-latestnews","19":"tag-main-news","20":"tag-mainnews","21":"tag-news","22":"tag-nyheter","23":"tag-politik","24":"tag-rattegangar","25":"tag-riksratt","26":"tag-rubriker","27":"tag-se","28":"tag-svenska","29":"tag-sverige","30":"tag-sweden","31":"tag-swedish","32":"tag-sydkorea","33":"tag-top-stories","34":"tag-topstories","35":"tag-undantagstillstand","36":"tag-utrikes","37":"tag-yoon-suk-yeol"},"share_on_mastodon":{"url":"https:\/\/pubeurope.com\/@se\/115903923695087858","error":""},"_links":{"self":[{"href":"https:\/\/www.europesays.com\/se\/wp-json\/wp\/v2\/posts\/137887","targetHints":{"allow":["GET"]}}],"collection":[{"href":"https:\/\/www.europesays.com\/se\/wp-json\/wp\/v2\/posts"}],"about":[{"href":"https:\/\/www.europesays.com\/se\/wp-json\/wp\/v2\/types\/post"}],"author":[{"embeddable":true,"href":"https:\/\/www.europesays.com\/se\/wp-json\/wp\/v2\/users\/2"}],"replies":[{"embeddable":true,"href":"https:\/\/www.europesays.com\/se\/wp-json\/wp\/v2\/comments?post=137887"}],"version-history":[{"count":0,"href":"https:\/\/www.europesays.com\/se\/wp-json\/wp\/v2\/posts\/137887\/revisions"}],"wp:featuredmedia":[{"embeddable":true,"href":"https:\/\/www.europesays.com\/se\/wp-json\/wp\/v2\/media\/137888"}],"wp:attachment":[{"href":"https:\/\/www.europesays.com\/se\/wp-json\/wp\/v2\/media?parent=137887"}],"wp:term":[{"taxonomy":"category","embeddable":true,"href":"https:\/\/www.europesays.com\/se\/wp-json\/wp\/v2\/categories?post=137887"},{"taxonomy":"post_tag","embeddable":true,"href":"https:\/\/www.europesays.com\/se\/wp-json\/wp\/v2\/tags?post=137887"}],"curies":[{"name":"wp","href":"https:\/\/api.w.org\/{rel}","templated":true}]}}