{"id":137890,"date":"2026-01-16T08:56:06","date_gmt":"2026-01-16T08:56:06","guid":{"rendered":"https:\/\/www.europesays.com\/se\/137890\/"},"modified":"2026-01-16T08:56:06","modified_gmt":"2026-01-16T08:56:06","slug":"battre-ekonomiskt-lage-i-sverige-positiv-trend","status":"publish","type":"post","link":"https:\/\/www.europesays.com\/se\/137890\/","title":{"rendered":"B\u00e4ttre ekonomiskt l\u00e4ge i Sverige: \u201dPositiv trend\u201d"},"content":{"rendered":"<p>Konjunkturl\u00e4get i Sverige forts\u00e4tter att f\u00f6rb\u00e4ttras och tio av tretton indikatorer i konjunkturklockan \u00e4r p\u00e5 uppg\u00e5ng, enligt ny statistik fr\u00e5n SCB. <\/p>\n<p>\u2013 De senaste m\u00e5naderna har den positiva trenden blivit tydligare. Flera indikatorer har r\u00f6rt sig fr\u00e5n \u00e5terh\u00e4mtnings- till expansionsfasen i konjunkturklockan, s\u00e4ger Johannes Holmberg, nationalekonom p\u00e5 SCB i en kommentar.<\/p>\n<p>I november var det industrins ordering\u00e5ng och hush\u00e5llskonsumtionen som l\u00e5g h\u00f6gst \u00f6ver sina l\u00e5ngsiktiga trender. Syssels\u00e4ttningsindikatorn har r\u00f6rt sig fr\u00e5n recession till \u00e5terh\u00e4mtning, \u00e4ven om arbetade timmar och syssels\u00e4ttning forts\u00e4tter att ligga under sina l\u00e5ngsiktiga trender, enligt SCB.<\/p>\n<p>Omni \u00e4r politiskt obundna och oberoende. Vi str\u00e4var efter att ge fler perspektiv p\u00e5 nyheterna. Har du fr\u00e5gor eller synpunkter kring v\u00e5r rapportering? <a href=\"https:\/\/omni.se\/battre-ekonomiskt-lage-i-sverige-positiv-trend\/a\/mailto:redaktion@omni.se\" class=\"ArticleActions_contactLink__W2F1M\" rel=\"nofollow noopener\" target=\"_blank\">Kontakta redaktionen<\/a><\/p>\n","protected":false},"excerpt":{"rendered":"Konjunkturl\u00e4get i Sverige forts\u00e4tter att f\u00f6rb\u00e4ttras och tio av tretton indikatorer i konjunkturklockan \u00e4r p\u00e5 uppg\u00e5ng, enligt ny&hellip;\n","protected":false},"author":2,"featured_media":137891,"comment_status":"","ping_status":"","sticky":false,"template":"","format":"standard","meta":{"footnotes":""},"categories":[65],"tags":[72,70,71,1887,324,589,1580,34,1581,31,33,32,30],"class_list":{"0":"post-137890","1":"post","2":"type-post","3":"status-publish","4":"format-standard","5":"has-post-thumbnail","7":"category-ekonomi","8":"tag-business","9":"tag-economy","10":"tag-ekonomi","11":"tag-industri-tillverkning","12":"tag-makroekonomi","13":"tag-makrostatistik","14":"tag-scb","15":"tag-se","16":"tag-statistiska-centralbyran","17":"tag-svenska","18":"tag-sverige","19":"tag-sweden","20":"tag-swedish"},"share_on_mastodon":{"url":"https:\/\/pubeurope.com\/@se\/115903947225682264","error":""},"_links":{"self":[{"href":"https:\/\/www.europesays.com\/se\/wp-json\/wp\/v2\/posts\/137890","targetHints":{"allow":["GET"]}}],"collection":[{"href":"https:\/\/www.europesays.com\/se\/wp-json\/wp\/v2\/posts"}],"about":[{"href":"https:\/\/www.europesays.com\/se\/wp-json\/wp\/v2\/types\/post"}],"author":[{"embeddable":true,"href":"https:\/\/www.europesays.com\/se\/wp-json\/wp\/v2\/users\/2"}],"replies":[{"embeddable":true,"href":"https:\/\/www.europesays.com\/se\/wp-json\/wp\/v2\/comments?post=137890"}],"version-history":[{"count":0,"href":"https:\/\/www.europesays.com\/se\/wp-json\/wp\/v2\/posts\/137890\/revisions"}],"wp:featuredmedia":[{"embeddable":true,"href":"https:\/\/www.europesays.com\/se\/wp-json\/wp\/v2\/media\/137891"}],"wp:attachment":[{"href":"https:\/\/www.europesays.com\/se\/wp-json\/wp\/v2\/media?parent=137890"}],"wp:term":[{"taxonomy":"category","embeddable":true,"href":"https:\/\/www.europesays.com\/se\/wp-json\/wp\/v2\/categories?post=137890"},{"taxonomy":"post_tag","embeddable":true,"href":"https:\/\/www.europesays.com\/se\/wp-json\/wp\/v2\/tags?post=137890"}],"curies":[{"name":"wp","href":"https:\/\/api.w.org\/{rel}","templated":true}]}}