{"id":137913,"date":"2026-01-16T09:16:21","date_gmt":"2026-01-16T09:16:21","guid":{"rendered":"https:\/\/www.europesays.com\/se\/137913\/"},"modified":"2026-01-16T09:16:21","modified_gmt":"2026-01-16T09:16:21","slug":"forskare-forsoker-forsta-supergamlingar-varfor-mar-de-sa-bra","status":"publish","type":"post","link":"https:\/\/www.europesays.com\/se\/137913\/","title":{"rendered":"Forskare f\u00f6rs\u00f6ker f\u00f6rst\u00e5 supergamlingar: Varf\u00f6r m\u00e5r de s\u00e5 bra?"},"content":{"rendered":"<p>Supergamlingar \u00e4r mer fysiskt aktiva<\/p>\n<p>Supergamlingarna \u00e4r dock mer fysiskt aktiva \u00e4n normalt. S\u00e5 h\u00e4r l\u00e5ngt ser forskarna att det mest dominerande \u00e4r genetiska faktorer.\u00a0<\/p>\n<p>Dels n\u00e4r det g\u00e4ller den kognitiva f\u00f6rm\u00e5gan n\u00e4r man var barn, ungdom och aktiv vuxen. Men ocks\u00e5 f\u00f6r hur hj\u00e4rnan f\u00f6r\u00e4ndras och om man har riskgener f\u00f6r Alzheimers sjukdom.<\/p>\n<p>\u201cArbetshypotesen \u00e4r att det finns vissa skyddande faktorer som \u00e4r \u00e4rftliga och som g\u00f6r att de f\u00f6r\u00e4ndringar som h\u00e4nger ihop med \u00e5ldrandet inte sl\u00e5r igenom. Men det finns ocks\u00e5 betydande undantag\u201d, s\u00e4ger Lars Nyberg.<\/p>\n<p><strong>MISSA INTE: <\/strong><a href=\"http:\/\/news55.se\/samhalle\/polen-och-eu-infor-nya-skatter-pa-asiatiska-smapaket\/\" rel=\"nofollow noopener\" target=\"_blank\">Polen och EU inf\u00f6r nya skatter p\u00e5 asiatiska sm\u00e5paket<\/a><\/p>\n<p>Inga enkla knep<\/p>\n<p>Det finns inga enkla knep som andra forskare har kommit fram till som g\u00f6r att man kan bli en supergamling. I vissa fall har man till exempel sett att Medelhavsdieten \u00e4r att f\u00f6redra men andra studier har inte sett n\u00e5got samband.<\/p>\n<p>Det som \u00e4r bra f\u00f6r hj\u00e4rtat \u00e4r ocks\u00e5 bra f\u00f6r hj\u00e4rnan, men det finns inte ett s\u00e4tt att bli en supergamling p\u00e5, utan det \u00e4r stora individuella skillnader. Men det betyder inte att det inte finns saker man kan g\u00f6ra.<\/p>\n<p>Forskarna i Ume\u00e5 samarbetar ocks\u00e5 med amerikanska forskare. Just nu p\u00e5g\u00e5r ett projekt d\u00e4r man med nya avbildningsmetoder av hj\u00e4rnan ska kunna uppt\u00e4cka f\u00f6r\u00e4ndringar som sker inom en kort tidsperiod.\u00a0<\/p>\n<p>F\u00f6r att uppt\u00e4cka demenssjukdom tidigt och eventuellt p\u00e5b\u00f6rja en medicinering \u00e4r det viktigt med p\u00e5litliga bilder av hj\u00e4rnan som kan visa f\u00f6r\u00e4ndringar p\u00e5 kort sikt.<\/p>\n<p>Lars Nyberg ber\u00e4ttar hur imponerad han \u00e4r av personerna i studien, och han f\u00f6rklarar att de alla \u00e4r positiva, alerta och v\u00e4ldigt v\u00e4l fungerande \u00e4ldre m\u00e4nniskor.<\/p>\n<p>L\u00e4s mer om ekonomi:<\/p>\n<p><a href=\"http:\/\/news55.se\/privatekonomi\/privatekonom-varnar-unga-gor-ljud-av-er\/\" rel=\"nofollow noopener\" target=\"_blank\">Privatekonom varnar unga: G\u00f6r ljud av er<\/a><\/p>\n<p><a href=\"http:\/\/news55.se\/privatekonomi\/boende\/stora-regionala-skillnader-pa-bostadsmarknaden-2025\/\" rel=\"nofollow noopener\" target=\"_blank\">Stora regionala skillnader p\u00e5 bostadsmarknaden 2025<\/a><\/p>\n<p><a href=\"http:\/\/news55.se\/samhalle\/elreserv-sakrad-nu-eldar-vi-olja-for-fullt\/\" rel=\"nofollow noopener\" target=\"_blank\">Elreserv s\u00e4krad: Nu eldar vi olja f\u00f6r fullt<\/a><\/p>\n<p>L\u00e4s mer fr\u00e5n News55 &#8211; v\u00e5rt nyhetsbrev \u00e4r kostnadsfritt:Prenumerera<\/p>\n","protected":false},"excerpt":{"rendered":"Supergamlingar \u00e4r mer fysiskt aktiva Supergamlingarna \u00e4r dock mer fysiskt aktiva \u00e4n normalt. S\u00e5 h\u00e4r l\u00e5ngt ser forskarna&hellip;\n","protected":false},"author":2,"featured_media":137914,"comment_status":"","ping_status":"","sticky":false,"template":"","format":"standard","meta":{"footnotes":""},"categories":[69],"tags":[5444,279,4998,632,113,5782,112,34,31,33,32,30,5235],"class_list":{"0":"post-137913","1":"post","2":"type-post","3":"status-publish","4":"format-standard","5":"has-post-thumbnail","7":"category-halsa","8":"tag-aldre","9":"tag-folkhalsa","10":"tag-forskare","11":"tag-forskning","12":"tag-halsa","13":"tag-halsa-och-sjukvard","14":"tag-health","15":"tag-se","16":"tag-svenska","17":"tag-sverige","18":"tag-sweden","19":"tag-swedish","20":"tag-tips"},"share_on_mastodon":{"url":"https:\/\/pubeurope.com\/@se\/115904025973248105","error":""},"_links":{"self":[{"href":"https:\/\/www.europesays.com\/se\/wp-json\/wp\/v2\/posts\/137913","targetHints":{"allow":["GET"]}}],"collection":[{"href":"https:\/\/www.europesays.com\/se\/wp-json\/wp\/v2\/posts"}],"about":[{"href":"https:\/\/www.europesays.com\/se\/wp-json\/wp\/v2\/types\/post"}],"author":[{"embeddable":true,"href":"https:\/\/www.europesays.com\/se\/wp-json\/wp\/v2\/users\/2"}],"replies":[{"embeddable":true,"href":"https:\/\/www.europesays.com\/se\/wp-json\/wp\/v2\/comments?post=137913"}],"version-history":[{"count":0,"href":"https:\/\/www.europesays.com\/se\/wp-json\/wp\/v2\/posts\/137913\/revisions"}],"wp:featuredmedia":[{"embeddable":true,"href":"https:\/\/www.europesays.com\/se\/wp-json\/wp\/v2\/media\/137914"}],"wp:attachment":[{"href":"https:\/\/www.europesays.com\/se\/wp-json\/wp\/v2\/media?parent=137913"}],"wp:term":[{"taxonomy":"category","embeddable":true,"href":"https:\/\/www.europesays.com\/se\/wp-json\/wp\/v2\/categories?post=137913"},{"taxonomy":"post_tag","embeddable":true,"href":"https:\/\/www.europesays.com\/se\/wp-json\/wp\/v2\/tags?post=137913"}],"curies":[{"name":"wp","href":"https:\/\/api.w.org\/{rel}","templated":true}]}}