{"id":137941,"date":"2026-01-16T09:41:17","date_gmt":"2026-01-16T09:41:17","guid":{"rendered":"https:\/\/www.europesays.com\/se\/137941\/"},"modified":"2026-01-16T09:41:17","modified_gmt":"2026-01-16T09:41:17","slug":"norsk-anfallare-klar-for-ofk-ostersunds-posten","status":"publish","type":"post","link":"https:\/\/www.europesays.com\/se\/137941\/","title":{"rendered":"Norsk anfallare klar f\u00f6r \u00d6FK &#8211; \u00d6stersunds-Posten"},"content":{"rendered":"<ol>\n<li><a href=\"https:\/\/news.google.com\/rss\/articles\/CBMiZkFVX3lxTE80NG5Fc3o4alRxSldKQUh1bl9kZUFHdENiVkpnbVNydTJ5X3hkQnZ5ci02V0NPUVZGS1prR1drbjlQR0hfUlFRZ3dwQU95ajgwT2pEUm1rXzRjUXVHTzRWWHdfcjJDUQ?oc=5\" target=\"_blank\" rel=\"nofollow noopener\">Norsk anfallare klar f\u00f6r \u00d6FK<\/a>&nbsp;&nbsp;\u00d6stersunds-Posten<\/li>\n<li><a href=\"https:\/\/news.google.com\/rss\/articles\/CBMilgFBVV95cUxOWEg0Yjd2aDFqSXoyVkI0Z09XS1cxVEM0dTZabXFXdEdhOEtnaEZkbEJ3cDU4ejZEejNORWlrOGlZczByOGdsZlNRWWZlS1BJOWQ3UE9jUlNXLUh1Z2Y2VnlQUHhYOE54R2t6UFc5bk16SDN6U3NfQTBUN0RDNXNqQ1Rkck1Fd0thYllpWVl5V19yMFc1SWc?oc=5\" target=\"_blank\" rel=\"nofollow noopener\">Officiellt: Abel Stensrud klar f\u00f6r \u00d6stersunds FK<\/a>&nbsp;&nbsp;Fotbolltransfers<\/li>\n<li><a href=\"https:\/\/news.google.com\/rss\/articles\/CBMigAFBVV95cUxOeldqdFNZTFZGOWZwVXI0b2J5eU1XekZuT2dTbU9SeklkYVRHNzRTaDhkYTBMa0tCX1BvNlVDZ3pfN2tGSlNTdjI3M2llVUdBaGxxR3V5SDdOYkJncmNUNVN2X0F4b2U1Y091UXpSUVVSTG9fOF9Ra1BoNnpFU2E1Mw?oc=5\" target=\"_blank\" rel=\"nofollow noopener\">\u00d6FK v\u00e4rvar mittf\u00e4ltare med allsvenska meriter<\/a>&nbsp;&nbsp;\u00d6stersunds-Posten<\/li>\n<li><a href=\"https:\/\/news.google.com\/rss\/articles\/CBMiigFBVV95cUxOUC1JZkNiVWxZdTg3VmdSenY5d3NtX3RqUUllOWVqVUpLZ3pnaWJjTE9IcWhqanRGYUZSbGRfQ1YyaVh1SFppS29La1JpSUg1eVZfcnViRGNNZkh2bVNzOVo0U2Q0OVNqaWNxTnJqSm1pYjNXMkM2T2J2UktMY0gzUFJkbE02TVYzQkE?oc=5\" target=\"_blank\" rel=\"nofollow noopener\">Officiellt: \u00d6stersund v\u00e4rvar norsk anfallare<\/a>&nbsp;&nbsp;FotbollDirekt<\/li>\n<li><a href=\"https:\/\/news.google.com\/rss\/articles\/CBMidkFVX3lxTE1mOU9GYzFpWjNtc2VOV01zakhBRFpvOWFKZVRxV3RGVE9palp4Y1F6a1l1cExISnRidGJZZ3BMVlJka09WeG80RnV1emJMQldKUG9xZkNGMkdXODd0N3FIbEQzY1RTTkRlM3hPWlhWd0VnbWc2R3c?oc=5\" target=\"_blank\" rel=\"nofollow noopener\">\u00d6FK v\u00e4rvar Stensrud<\/a>&nbsp;&nbsp;Fotbollskanalen<\/li>\n<\/ol>\n","protected":false},"excerpt":{"rendered":"Norsk anfallare klar f\u00f6r \u00d6FK&nbsp;&nbsp;\u00d6stersunds-Posten Officiellt: Abel Stensrud klar f\u00f6r \u00d6stersunds FK&nbsp;&nbsp;Fotbolltransfers \u00d6FK v\u00e4rvar mittf\u00e4ltare med allsvenska meriter&nbsp;&nbsp;\u00d6stersunds-Posten&hellip;\n","protected":false},"author":2,"featured_media":137942,"comment_status":"","ping_status":"","sticky":false,"template":"","format":"standard","meta":{"footnotes":""},"categories":[68],"tags":[34,111,110,31,33,32,30],"class_list":{"0":"post-137941","1":"post","2":"type-post","3":"status-publish","4":"format-standard","5":"has-post-thumbnail","7":"category-sport","8":"tag-se","9":"tag-sport","10":"tag-sports","11":"tag-svenska","12":"tag-sverige","13":"tag-sweden","14":"tag-swedish"},"share_on_mastodon":{"url":"https:\/\/pubeurope.com\/@se\/115904124247177160","error":""},"_links":{"self":[{"href":"https:\/\/www.europesays.com\/se\/wp-json\/wp\/v2\/posts\/137941","targetHints":{"allow":["GET"]}}],"collection":[{"href":"https:\/\/www.europesays.com\/se\/wp-json\/wp\/v2\/posts"}],"about":[{"href":"https:\/\/www.europesays.com\/se\/wp-json\/wp\/v2\/types\/post"}],"author":[{"embeddable":true,"href":"https:\/\/www.europesays.com\/se\/wp-json\/wp\/v2\/users\/2"}],"replies":[{"embeddable":true,"href":"https:\/\/www.europesays.com\/se\/wp-json\/wp\/v2\/comments?post=137941"}],"version-history":[{"count":0,"href":"https:\/\/www.europesays.com\/se\/wp-json\/wp\/v2\/posts\/137941\/revisions"}],"wp:featuredmedia":[{"embeddable":true,"href":"https:\/\/www.europesays.com\/se\/wp-json\/wp\/v2\/media\/137942"}],"wp:attachment":[{"href":"https:\/\/www.europesays.com\/se\/wp-json\/wp\/v2\/media?parent=137941"}],"wp:term":[{"taxonomy":"category","embeddable":true,"href":"https:\/\/www.europesays.com\/se\/wp-json\/wp\/v2\/categories?post=137941"},{"taxonomy":"post_tag","embeddable":true,"href":"https:\/\/www.europesays.com\/se\/wp-json\/wp\/v2\/tags?post=137941"}],"curies":[{"name":"wp","href":"https:\/\/api.w.org\/{rel}","templated":true}]}}